{"id":13146,"date":"2022-08-30T19:52:46","date_gmt":"2022-08-30T19:52:46","guid":{"rendered":"http:\/\/staging.ibermusicas.org\/?p=13146"},"modified":"2022-10-03T02:27:28","modified_gmt":"2022-10-03T02:27:28","slug":"la-agrupacion-peruana-los-cuatro-cholos-del-saxo-se-presentara-en-el-festival-fesax-2022-de-santa-fe-argentina","status":"publish","type":"post","link":"http:\/\/staging.ibermusicas.org\/index.php\/la-agrupacion-peruana-los-cuatro-cholos-del-saxo-se-presentara-en-el-festival-fesax-2022-de-santa-fe-argentina\/","title":{"rendered":"La agrupaci\u00f3n peruana \u201cLos Cuatro Cholos del Saxo\u201d se presentar\u00e1 en el Festival FESAX 2022 de Santa Fe, Argentina"},"content":{"rendered":"<p>Formada en enero del 2015, difunden la m\u00fasica peruana de todas las regiones, se han presentado en festivales internacionales de saxof\u00f3n, m\u00fasica peruana y Jazz, realizando presentaciones art\u00edsticas, ponencias sobre m\u00fasica peruana, en diferentes escenarios de Per\u00fa (Lima, Cusco, Tacna, Moquegua, Hu\u00e1nuco, Mollendo, Ilo, Caman\u00e1), Colombia (Bogot\u00e1 y Cali &#8211; 2019), ganadores de los est\u00edmulos econ\u00f3micos para la cultura 2018, cuentan con dos producciones discogr\u00e1ficas La ruta del saxo 2016 y Saxonando a Per\u00fa 2017, han sido reconocidos por la DDC de Arequipa por la importancia de difundir el folclore peruano.<\/p>\n<p>&nbsp;<\/p>\n<p>Los Cuatro Cholos del Saxo aprovechar\u00e1n su presencia en el FESAX 2022 para brindar un taller de m\u00fasica popular peruana destinado a todos los niveles (principiantes, intermedios y avanzados).<\/p>\n<p>&nbsp;<\/p>\n<p>Del 1 al 4 de septiembre en Santa Fe, Argentina<\/p>\n<p><a href=\"https:\/\/www.facebook.com\/fesax.festival\">https:\/\/www.facebook.com\/fesax.festival<\/a><\/p>\n<p><a href=\"https:\/\/www.facebook.com\/profile.php?id=100053744927484\">https:\/\/www.facebook.com\/profile.php?id=100053744927484 <\/a><\/p>\n","protected":false},"excerpt":{"rendered":"<p>Formada en enero del 2015, difunden la m\u00fasica peruana de todas las regiones, se han presentado en festivales internacionales de saxof\u00f3n, m\u00fasica peruana y Jazz, realizando presentaciones art\u00edsticas, ponencias sobre m\u00fasica peruana, en diferentes escenarios de Per\u00fa (Lima, Cusco, Tacna, Moquegua, Hu\u00e1nuco, Mollendo, Ilo, Caman\u00e1), Colombia (Bogot\u00e1 y Cali &#8211; 2019), ganadores de los est\u00edmulos [&hellip;]<\/p>\n","protected":false},"author":1,"featured_media":13148,"comment_status":"closed","ping_status":"closed","sticky":false,"template":"","format":"standard","meta":{"footnotes":""},"categories":[53],"tags":[],"class_list":["post-13146","post","type-post","status-publish","format-standard","has-post-thumbnail","hentry","category-noticias-generales"],"lang":"es","translations":{"es":13146,"pt":13150},"pll_sync_post":[],"post_mailing_queue_ids":[],"_links":{"self":[{"href":"http:\/\/staging.ibermusicas.org\/index.php\/wp-json\/wp\/v2\/posts\/13146","targetHints":{"allow":["GET"]}}],"collection":[{"href":"http:\/\/staging.ibermusicas.org\/index.php\/wp-json\/wp\/v2\/posts"}],"about":[{"href":"http:\/\/staging.ibermusicas.org\/index.php\/wp-json\/wp\/v2\/types\/post"}],"author":[{"embeddable":true,"href":"http:\/\/staging.ibermusicas.org\/index.php\/wp-json\/wp\/v2\/users\/1"}],"replies":[{"embeddable":true,"href":"http:\/\/staging.ibermusicas.org\/index.php\/wp-json\/wp\/v2\/comments?post=13146"}],"version-history":[{"count":1,"href":"http:\/\/staging.ibermusicas.org\/index.php\/wp-json\/wp\/v2\/posts\/13146\/revisions"}],"predecessor-version":[{"id":13149,"href":"http:\/\/staging.ibermusicas.org\/index.php\/wp-json\/wp\/v2\/posts\/13146\/revisions\/13149"}],"wp:featuredmedia":[{"embeddable":true,"href":"http:\/\/staging.ibermusicas.org\/index.php\/wp-json\/wp\/v2\/media\/13148"}],"wp:attachment":[{"href":"http:\/\/staging.ibermusicas.org\/index.php\/wp-json\/wp\/v2\/media?parent=13146"}],"wp:term":[{"taxonomy":"category","embeddable":true,"href":"http:\/\/staging.ibermusicas.org\/index.php\/wp-json\/wp\/v2\/categories?post=13146"},{"taxonomy":"post_tag","embeddable":true,"href":"http:\/\/staging.ibermusicas.org\/index.php\/wp-json\/wp\/v2\/tags?post=13146"}],"curies":[{"name":"wp","href":"https:\/\/api.w.org\/{rel}","templated":true}]}}