{"id":13150,"date":"2022-08-30T19:54:25","date_gmt":"2022-08-30T19:54:25","guid":{"rendered":"http:\/\/staging.ibermusicas.org\/?p=13150"},"modified":"2022-10-03T02:32:32","modified_gmt":"2022-10-03T02:32:32","slug":"o-grupo-peruano-los-cuatro-cholos-del-saxo-se-apresentara-no-festival-fesax-2022-em-santa-fe-argentina","status":"publish","type":"post","link":"http:\/\/staging.ibermusicas.org\/index.php\/o-grupo-peruano-los-cuatro-cholos-del-saxo-se-apresentara-no-festival-fesax-2022-em-santa-fe-argentina\/","title":{"rendered":"O grupo peruano \u00abLos Cuatro Cholos del Saxo\u00bb se apresentar\u00e1 no Festival FESAX 2022 em Santa F\u00e9, Argentina"},"content":{"rendered":"<p>Formados em janeiro de 2015, difundiram a m\u00fasica peruana de todas as regi\u00f5es, se apresentaram em festivais internacionais de saxofone, m\u00fasica peruana e jazz, fazendo apresenta\u00e7\u00f5es art\u00edsticas, palestras sobre m\u00fasica peruana, em diferentes palcos no Peru (Lima, Cusco, Tacna, Moquegua, Hu\u00e1nuco, Mollendo, Ilo, Caman\u00e1), Col\u00f4mbia (Bogot\u00e1 e Cali &#8211; 2019), vencedores do est\u00edmulo econ\u00f4mico para a cultura 2018, t\u00eam duas produ\u00e7\u00f5es recordes La ruta del saxo 2016 e Saxonando a Per\u00fa 2017, foram reconhecidas pelo DDC de Arequipa pela import\u00e2ncia de difundir o folclore peruano.<\/p>\n<p>&nbsp;<\/p>\n<p>O Cuatro Cholos del Saxo aproveitar\u00e1 sua presen\u00e7a na FESAX 2022 para oferecer um workshop sobre m\u00fasica popular peruana para todos os n\u00edveis (iniciantes, intermedi\u00e1rios e avan\u00e7ados).<\/p>\n<p>&nbsp;<\/p>\n<p>De 1 a 4 de setembro em Santa F\u00e9, Argentina.<\/p>\n<p><a href=\"https:\/\/www.facebook.com\/fesax.festival\">https:\/\/www.facebook.com\/fesax.festival<\/a><\/p>\n<p><a href=\"https:\/\/www.facebook.com\/profile.php?id=100053744927484\">https:\/\/www.facebook.com\/profile.php?id=100053744927484<\/a><\/p>\n","protected":false},"excerpt":{"rendered":"<p>Formados em janeiro de 2015, difundiram a m\u00fasica peruana de todas as regi\u00f5es, se apresentaram em festivais internacionais de saxofone, m\u00fasica peruana e jazz, fazendo apresenta\u00e7\u00f5es art\u00edsticas, palestras sobre m\u00fasica peruana, em diferentes palcos no Peru (Lima, Cusco, Tacna, Moquegua, Hu\u00e1nuco, Mollendo, Ilo, Caman\u00e1), Col\u00f4mbia (Bogot\u00e1 e Cali &#8211; 2019), vencedores do est\u00edmulo econ\u00f4mico para [&hellip;]<\/p>\n","protected":false},"author":1,"featured_media":13148,"comment_status":"closed","ping_status":"closed","sticky":false,"template":"","format":"standard","meta":{"footnotes":""},"categories":[218],"tags":[],"class_list":["post-13150","post","type-post","status-publish","format-standard","has-post-thumbnail","hentry","category-noticias-generales-pt"],"lang":"pt","translations":{"pt":13150,"es":13146},"pll_sync_post":[],"post_mailing_queue_ids":[],"_links":{"self":[{"href":"http:\/\/staging.ibermusicas.org\/index.php\/wp-json\/wp\/v2\/posts\/13150","targetHints":{"allow":["GET"]}}],"collection":[{"href":"http:\/\/staging.ibermusicas.org\/index.php\/wp-json\/wp\/v2\/posts"}],"about":[{"href":"http:\/\/staging.ibermusicas.org\/index.php\/wp-json\/wp\/v2\/types\/post"}],"author":[{"embeddable":true,"href":"http:\/\/staging.ibermusicas.org\/index.php\/wp-json\/wp\/v2\/users\/1"}],"replies":[{"embeddable":true,"href":"http:\/\/staging.ibermusicas.org\/index.php\/wp-json\/wp\/v2\/comments?post=13150"}],"version-history":[{"count":1,"href":"http:\/\/staging.ibermusicas.org\/index.php\/wp-json\/wp\/v2\/posts\/13150\/revisions"}],"predecessor-version":[{"id":13151,"href":"http:\/\/staging.ibermusicas.org\/index.php\/wp-json\/wp\/v2\/posts\/13150\/revisions\/13151"}],"wp:featuredmedia":[{"embeddable":true,"href":"http:\/\/staging.ibermusicas.org\/index.php\/wp-json\/wp\/v2\/media\/13148"}],"wp:attachment":[{"href":"http:\/\/staging.ibermusicas.org\/index.php\/wp-json\/wp\/v2\/media?parent=13150"}],"wp:term":[{"taxonomy":"category","embeddable":true,"href":"http:\/\/staging.ibermusicas.org\/index.php\/wp-json\/wp\/v2\/categories?post=13150"},{"taxonomy":"post_tag","embeddable":true,"href":"http:\/\/staging.ibermusicas.org\/index.php\/wp-json\/wp\/v2\/tags?post=13150"}],"curies":[{"name":"wp","href":"https:\/\/api.w.org\/{rel}","templated":true}]}}