{"id":13152,"date":"2022-08-30T19:57:44","date_gmt":"2022-08-30T19:57:44","guid":{"rendered":"http:\/\/staging.ibermusicas.org\/?p=13152"},"modified":"2022-10-03T02:27:34","modified_gmt":"2022-10-03T02:27:34","slug":"muslab-mexico-muestra-internacional-de-musica-electroacustica-presenta-su-ciclo-de-conferencias-y-conciertos","status":"publish","type":"post","link":"http:\/\/staging.ibermusicas.org\/index.php\/muslab-mexico-muestra-internacional-de-musica-electroacustica-presenta-su-ciclo-de-conferencias-y-conciertos\/","title":{"rendered":"MUSLAB M\u00e9xico (Muestra Internacional de M\u00fasica Electroac\u00fastica), presenta su ciclo de conferencias y conciertos"},"content":{"rendered":"<p>Bajo la direcci\u00f3n del Maestro Pedro Castillo Lara, se realizar\u00e1 la primera serie de conferencias y conciertos did\u00e1cticos de la \u201cMuestra Internacional de M\u00fasica Electroac\u00fastica, MUSLAB\u201d.<\/p>\n<p>&nbsp;<\/p>\n<p>MUSLAB fue creado en 2014 por, el Maestro Castillo Lara y la Asociaci\u00f3n CaminArt; desde entonces, la muestra se realiza en colaboraci\u00f3n con y 36 instituciones culturales en M\u00e9xico, Argentina, Brasil, Per\u00fa, Portugal, Espa\u00f1a, Inglaterra y Francia, lo que ha posicionado a MUSLAB como una plataforma Iberoamericana de cultura desde 2017.<\/p>\n<p>&nbsp;<\/p>\n<p>En sus \u00faltimas cinco ediciones, esta iniciativa ha recibido m\u00e1s de 2500 obras provenientes de 48 pa\u00edses del mundo, program\u00f3 a m\u00e1s de 750 artistas en 72 conciertos que ocurrieron en diferentes ciudades con m\u00e1s de 25.000 personas de p\u00fablico directo. Mediante la creaci\u00f3n de proyectos culturales de arte sonoro, su misi\u00f3n es fomentar y difundir la creaci\u00f3n art\u00edstica contempor\u00e1nea, generar acceso a educaci\u00f3n especializada en m\u00fasica y nuevas tecnolog\u00edas.<\/p>\n<p>&nbsp;<\/p>\n<p>El festival MUSLAB, tiene adem\u00e1s el objetivo de contribuir a la recuperaci\u00f3n de espacios p\u00fablicos y fomentar la convivencia social pac\u00edfica a trav\u00e9s de intervenciones de arte sonoro contempor\u00e1neo y video proyecci\u00f3n en edificios, parques, recintos culturales y educativos de las distintas ciudades que son sede de la Muestra. En este sentido, la Muestra, se acompa\u00f1a de una serie de cursos y talleres multidisciplinarios que se imparten dentro del campus de formaci\u00f3n a diferentes niveles para dar acceso a nuevas herramientas que puedan asistir a j\u00f3venes compositores en la creaci\u00f3n de empresas culturales y mejorar las oportunidades de inserci\u00f3n en mercados culturales.<\/p>\n<p>&nbsp;<\/p>\n<p>El Ciclo de Conferencias y Conciertos Did\u00e1cticos que ahora se presenta tiene como prop\u00f3sito reunir un acervo de conferencias, entrevistas y conciertos de diferentes compositores iberoamericanos, con el fin de resguardar una parte de su trabajo, su pensamiento creativo y su manera de acercarse a la composici\u00f3n electroac\u00fastica. Busca promover el inter\u00e9s y respeto a la diversidad por el patrimonio intangible: el arte contempor\u00e1neo de Iberoam\u00e9rica, y ofrecer a compositores emergentes contenidos de valor provenientes de m\u00fasicos experimentados con reconocimiento internacional.<\/p>\n<p>&nbsp;<\/p>\n<p>En esta edici\u00f3n Argentina ser\u00e1 el pa\u00eds invitado. Participar\u00e1n los compositores Mario Mary, N\u00e9stor Ciravolo, Fernando Curiel, Gustavo Chab, Javier Leichman y Dami\u00e1n Ratto<\/p>\n<p>&nbsp;<\/p>\n<p>&nbsp;<\/p>\n<p>Del 1ero al 6 de septiembre<\/p>\n<p><a href=\"https:\/\/muslab.org\/conferencias_conciertos_didacticos_ibermusicas.html\">https:\/\/muslab.org\/conferencias_conciertos_didacticos_ibermusicas.html<\/a><\/p>\n<p><a href=\"https:\/\/www.facebook.com\/muslabensamble\">https:\/\/www.facebook.com\/muslabensamble<\/a><\/p>\n","protected":false},"excerpt":{"rendered":"<p>Bajo la direcci\u00f3n del Maestro Pedro Castillo Lara, se realizar\u00e1 la primera serie de conferencias y conciertos did\u00e1cticos de la \u201cMuestra Internacional de M\u00fasica Electroac\u00fastica, MUSLAB\u201d. &nbsp; MUSLAB fue creado en 2014 por, el Maestro Castillo Lara y la Asociaci\u00f3n CaminArt; desde entonces, la muestra se realiza en colaboraci\u00f3n con y 36 instituciones culturales en [&hellip;]<\/p>\n","protected":false},"author":1,"featured_media":13153,"comment_status":"closed","ping_status":"closed","sticky":false,"template":"","format":"standard","meta":{"footnotes":""},"categories":[53],"tags":[],"class_list":["post-13152","post","type-post","status-publish","format-standard","has-post-thumbnail","hentry","category-noticias-generales"],"lang":"es","translations":{"es":13152,"pt":13155},"pll_sync_post":[],"post_mailing_queue_ids":[],"_links":{"self":[{"href":"http:\/\/staging.ibermusicas.org\/index.php\/wp-json\/wp\/v2\/posts\/13152","targetHints":{"allow":["GET"]}}],"collection":[{"href":"http:\/\/staging.ibermusicas.org\/index.php\/wp-json\/wp\/v2\/posts"}],"about":[{"href":"http:\/\/staging.ibermusicas.org\/index.php\/wp-json\/wp\/v2\/types\/post"}],"author":[{"embeddable":true,"href":"http:\/\/staging.ibermusicas.org\/index.php\/wp-json\/wp\/v2\/users\/1"}],"replies":[{"embeddable":true,"href":"http:\/\/staging.ibermusicas.org\/index.php\/wp-json\/wp\/v2\/comments?post=13152"}],"version-history":[{"count":1,"href":"http:\/\/staging.ibermusicas.org\/index.php\/wp-json\/wp\/v2\/posts\/13152\/revisions"}],"predecessor-version":[{"id":13154,"href":"http:\/\/staging.ibermusicas.org\/index.php\/wp-json\/wp\/v2\/posts\/13152\/revisions\/13154"}],"wp:featuredmedia":[{"embeddable":true,"href":"http:\/\/staging.ibermusicas.org\/index.php\/wp-json\/wp\/v2\/media\/13153"}],"wp:attachment":[{"href":"http:\/\/staging.ibermusicas.org\/index.php\/wp-json\/wp\/v2\/media?parent=13152"}],"wp:term":[{"taxonomy":"category","embeddable":true,"href":"http:\/\/staging.ibermusicas.org\/index.php\/wp-json\/wp\/v2\/categories?post=13152"},{"taxonomy":"post_tag","embeddable":true,"href":"http:\/\/staging.ibermusicas.org\/index.php\/wp-json\/wp\/v2\/tags?post=13152"}],"curies":[{"name":"wp","href":"https:\/\/api.w.org\/{rel}","templated":true}]}}