{"id":13157,"date":"2022-08-30T20:07:36","date_gmt":"2022-08-30T20:07:36","guid":{"rendered":"http:\/\/staging.ibermusicas.org\/?p=13157"},"modified":"2022-10-03T02:27:41","modified_gmt":"2022-10-03T02:27:41","slug":"abstrai-ensamble-de-brasil-presenta-la-version-audiovisual-de-solo-obra-ganadora-del-concurso-ibermusicas-de-creacion-y-estreno-de-obra-2021-del-compositor-colombiano-jesus-bu","status":"publish","type":"post","link":"http:\/\/staging.ibermusicas.org\/index.php\/abstrai-ensamble-de-brasil-presenta-la-version-audiovisual-de-solo-obra-ganadora-del-concurso-ibermusicas-de-creacion-y-estreno-de-obra-2021-del-compositor-colombiano-jesus-bu\/","title":{"rendered":"Abstrai Ensamble de Brasil presenta la versi\u00f3n audiovisual de \u201cS\u00f3lo\u201d, obra ganadora\u00a0 del Concurso Iberm\u00fasicas de Creaci\u00f3n y Estreno de Obra 2021 del compositor colombiano Jes\u00fas Buend\u00eda Puyo"},"content":{"rendered":"<p>S\u00f3lo de Jes\u00fas Buend\u00eda Puyo fue estrenada por Abstrai Ensamble en abril de este a\u00f1o. En el mes de septiembre se estar\u00e1 presentando la versi\u00f3n audiovisual de la obra mediante un concierto virtual emitido por Youtube.<\/p>\n<p>&nbsp;<\/p>\n<p>Abastrai es el principal grupo de m\u00fasica de c\u00e1mara contempor\u00e1nea de R\u00edo de Janeiro, fundado en 2005. En 2020 celebr\u00f3 15 a\u00f1os de intensa actividad musical. El grupo ya ha estrenado decenas de obras musicales brasile\u00f1as y extranjeras, la mayor\u00eda de las veces escritas especialmente para ellos. Desde 2011 ha actuado en los principales festivales y salas de conciertos brasile\u00f1as, adem\u00e1s de una gira por M\u00e9xico en 2014 realizada con el apoyo de Iberm\u00fasicas. Est\u00e1\u00a0 integrado por instrumentistas y compositores de reconocida trayectoria y se dedica al repertorio musical de los siglos XX y XXI, principalmente en colaboraci\u00f3n con compositores vivos (brasile\u00f1os y extranjeros) y exponentes del siglo XX. Adem\u00e1s de piezas musicales, instrumentales y vocales, el grupo utiliza regularmente las \u00faltimas tecnolog\u00edas digitales como la electroac\u00fastica y la m\u00fasica mixta. En 2018 el conjunto Abstrai lanz\u00f3 su primer CD titulado \u201cExperience\u201d, dirigido por el fundador del grupo, saxofonista, docente e investigador Pedro Bittencourt. \u201cExperience\u201d es una producci\u00f3n independiente disponible en CD f\u00edsico y en las principales plataformas digitales por el sello A Casa Est\u00fadio. Abstrai puede ser visto como un instrumento no s\u00f3lo para la difusi\u00f3n de la cultura, sino tambi\u00e9n de su producci\u00f3n, contribuyendo a la diversidad musical en Brasil.<\/p>\n<p>&nbsp;<\/p>\n<p>Jes\u00fas Buend\u00eda Puyo es compositor, int\u00e9rprete e investigador. Ha sido merecedor de diferentes menciones y distinciones entre las que se destacan la convocatoria de composici\u00f3n para piano y medios electr\u00f3nicos (2018), del CCMC, la selecci\u00f3n de su pieza Rastros para el Taller de lectura de cuartetos de cuerda a cargo del Cuarteto Diotima (2019), de la Biblioteca Luis \u00c1ngel Arango, la convocatoria de piezas para viol\u00edn solo (2020), organizada por Juan Carlos Higuita y el CCMC, la convocatoria de J\u00f3venes Int\u00e9rpretes 2021, de la Biblioteca Luis \u00c1ngel Arango y el premio Iberm\u00fasicas de composici\u00f3n y estreno de obra (2021). Sus obras han sido ejecutadas por reconocidos ensambles, entre los que se destacan el Ensamble CG, \u201cul\u201d [m\u00fasica mixta] y La Sociedad; y solistas como la pianista espa\u00f1ola Carmen Morales, y los colombianos Juan Carlos Higuita y Andr\u00e9s Pedraza. Ha estrenado obras en la sala Otto de Greiff, en el auditorio Fabio Lozano, en la sala Olav Roots, entre otras. Es miembro activo del C\u00edrculo Colombiano de M\u00fasica Contempor\u00e1nea, donde realiza actividades de gesti\u00f3n y producci\u00f3n musical. Finalmente, participa desde el 2017 como int\u00e9rprete de medios electr\u00f3nicos en el Ensamble Baho, con quienes ha estrenado m\u00e1s de una treintena de piezas de compositores de nacionalidad colombiana.<\/p>\n<p>&nbsp;<\/p>\n<p>S\u00e1bado 3 de septiembre, 17:00 hs. en <a href=\"https:\/\/youtu.be\/MY5aT5HL0xw\">https:\/\/youtu.be\/MY5aT5HL0xw<\/a><\/p>\n","protected":false},"excerpt":{"rendered":"<p>S\u00f3lo de Jes\u00fas Buend\u00eda Puyo fue estrenada por Abstrai Ensamble en abril de este a\u00f1o. En el mes de septiembre se estar\u00e1 presentando la versi\u00f3n audiovisual de la obra mediante un concierto virtual emitido por Youtube. &nbsp; Abastrai es el principal grupo de m\u00fasica de c\u00e1mara contempor\u00e1nea de R\u00edo de Janeiro, fundado en 2005. En [&hellip;]<\/p>\n","protected":false},"author":1,"featured_media":13158,"comment_status":"closed","ping_status":"closed","sticky":false,"template":"","format":"standard","meta":{"footnotes":""},"categories":[53],"tags":[],"class_list":["post-13157","post","type-post","status-publish","format-standard","has-post-thumbnail","hentry","category-noticias-generales"],"lang":"es","translations":{"es":13157,"pt":13160},"pll_sync_post":[],"post_mailing_queue_ids":[],"_links":{"self":[{"href":"http:\/\/staging.ibermusicas.org\/index.php\/wp-json\/wp\/v2\/posts\/13157","targetHints":{"allow":["GET"]}}],"collection":[{"href":"http:\/\/staging.ibermusicas.org\/index.php\/wp-json\/wp\/v2\/posts"}],"about":[{"href":"http:\/\/staging.ibermusicas.org\/index.php\/wp-json\/wp\/v2\/types\/post"}],"author":[{"embeddable":true,"href":"http:\/\/staging.ibermusicas.org\/index.php\/wp-json\/wp\/v2\/users\/1"}],"replies":[{"embeddable":true,"href":"http:\/\/staging.ibermusicas.org\/index.php\/wp-json\/wp\/v2\/comments?post=13157"}],"version-history":[{"count":1,"href":"http:\/\/staging.ibermusicas.org\/index.php\/wp-json\/wp\/v2\/posts\/13157\/revisions"}],"predecessor-version":[{"id":13159,"href":"http:\/\/staging.ibermusicas.org\/index.php\/wp-json\/wp\/v2\/posts\/13157\/revisions\/13159"}],"wp:featuredmedia":[{"embeddable":true,"href":"http:\/\/staging.ibermusicas.org\/index.php\/wp-json\/wp\/v2\/media\/13158"}],"wp:attachment":[{"href":"http:\/\/staging.ibermusicas.org\/index.php\/wp-json\/wp\/v2\/media?parent=13157"}],"wp:term":[{"taxonomy":"category","embeddable":true,"href":"http:\/\/staging.ibermusicas.org\/index.php\/wp-json\/wp\/v2\/categories?post=13157"},{"taxonomy":"post_tag","embeddable":true,"href":"http:\/\/staging.ibermusicas.org\/index.php\/wp-json\/wp\/v2\/tags?post=13157"}],"curies":[{"name":"wp","href":"https:\/\/api.w.org\/{rel}","templated":true}]}}