{"id":13160,"date":"2022-08-30T20:09:21","date_gmt":"2022-08-30T20:09:21","guid":{"rendered":"http:\/\/staging.ibermusicas.org\/?p=13160"},"modified":"2022-10-03T02:32:20","modified_gmt":"2022-10-03T02:32:20","slug":"abstrai-ensamble-do-brasil-apresenta-a-versao-audiovisual-de-solo-obra-vencedora-do-concurso-ibermusicas-de-criacao-e-estreia-de-obra-2021-do-compositor-colombiano-jesus-buendia-puyo","status":"publish","type":"post","link":"http:\/\/staging.ibermusicas.org\/index.php\/abstrai-ensamble-do-brasil-apresenta-a-versao-audiovisual-de-solo-obra-vencedora-do-concurso-ibermusicas-de-criacao-e-estreia-de-obra-2021-do-compositor-colombiano-jesus-buendia-puyo\/","title":{"rendered":"Abstrai Ensamble do Brasil apresenta a vers\u00e3o audiovisual de \u00abS\u00f3lo\u00bb, obra vencedora do Concurso Iberm\u00fasicas de Cria\u00e7\u00e3o e Estreia de Obra 2021 do compositor colombiano Jes\u00fas Buend\u00eda Puyo"},"content":{"rendered":"<p>S\u00f3lo de Jes\u00fas Buend\u00eda Puyo foi estreado pela Abstrai Ensamble em abril deste ano. Em setembro, a vers\u00e3o audiovisual da obra ser\u00e1 apresentada em um concerto virtual transmitido no Youtube.<\/p>\n<p>&nbsp;<\/p>\n<p>O Abastrai \u00e9 o principal conjunto de m\u00fasica de c\u00e2mara contempor\u00e2nea do Rio de Janeiro, fundado em 2005. Em 2020, comemoraram-se 15 anos de intensa atividade musical. O grupo j\u00e1 estreou dezenas de obras musicais brasileiras e estrangeiras, a maioria delas escritas especialmente para eles. Desde 2011 se apresenta nos principais festivais e salas de concertos brasileiros, al\u00e9m de uma turn\u00ea pelo M\u00e9xico em 2014, com o apoio do Iberm\u00fasicas. \u00c9 formado por instrumentistas e compositores de renomada trajet\u00f3ria e \u00e9 dedicado ao repert\u00f3rio musical dos s\u00e9culos XX e XXI, principalmente em colabora\u00e7\u00e3o com compositores vivos (brasileiros e estrangeiros) e expoentes do s\u00e9culo XX. Al\u00e9m das pe\u00e7as musicais, instrumentais e vocais, o grupo utiliza regularmente as mais recentes tecnologias digitais, como m\u00fasica eletroac\u00fastica e mista. Em 2018 o conjunto Abstrai lan\u00e7ou seu primeiro CD intitulado \u00abExperience\u00bb, dirigido pelo fundador, saxofonista, professor e pesquisador do grupo, Pedro Bittencourt. \u00abExperience\u00bb \u00e9 uma produ\u00e7\u00e3o independente dispon\u00edvel em CD f\u00edsico e nas principais plataformas digitais pela gravadora A Casa Est\u00fadio. O Abstrai pode ser visto como um instrumento n\u00e3o s\u00f3 para a difus\u00e3o da cultura, mas tamb\u00e9m de sua produ\u00e7\u00e3o, contribuindo para a diversidade musical no Brasil.<\/p>\n<p>&nbsp;<\/p>\n<p>Jes\u00fas Buend\u00eda Puyo \u00e9 um compositor, int\u00e9rprete e pesquisador. Ele recebeu v\u00e1rias men\u00e7\u00f5es e distin\u00e7\u00f5es, incluindo o chamado do CCMC para composi\u00e7\u00e3o para piano e m\u00eddia eletr\u00f4nica (2018), a sele\u00e7\u00e3o de sua pe\u00e7a Rastros para a Oficina de Leitura do Quarteto de Cordas pelo Quarteto Diotima (2019), da Biblioteca Luis \u00c1ngel Arango, a chamada para pe\u00e7as de violino solo (2020), organizada por Juan Carlos Higuita e o CCMC, a chamada para Jovens Int\u00e9rpretes 2021, da Biblioteca Luis \u00c1ngel Arango e o pr\u00eamio Iberm\u00fasicas de composi\u00e7\u00e3o e estr\u00e9ia de uma obra (2021). Suas obras foram executadas por conjuntos de renome, incluindo Ensamble CG, \u00abul\u00bb [m\u00fasica mista] e La Sociedad; e solistas como a pianista espanhola Carmen Morales, e os colombianos Juan Carlos Higuita e Andr\u00e9s Pedraza. Estreou obras no Sal\u00e3o Otto de Greiff, no Audit\u00f3rio Fabio Lozano, no Sal\u00e3o Olav Roots, entre outros. Ele \u00e9 membro ativo do C\u00edrculo Colombiano de M\u00fasica Contempor\u00e2nea, onde realiza atividades de gest\u00e3o e produ\u00e7\u00e3o musical. Finalmente, desde 2017 ele participou como artista de m\u00eddia eletr\u00f4nica na Ensamble Baho, com quem estreou mais de trinta pe\u00e7as de compositores colombianos.<\/p>\n<p>&nbsp;<\/p>\n<p>S\u00e1bado, 3 de setembro, 17:00 hs. em ttps:\/\/youtu.be\/MY5aT5HL0xw<\/p>\n","protected":false},"excerpt":{"rendered":"<p>S\u00f3lo de Jes\u00fas Buend\u00eda Puyo foi estreado pela Abstrai Ensamble em abril deste ano. Em setembro, a vers\u00e3o audiovisual da obra ser\u00e1 apresentada em um concerto virtual transmitido no Youtube. &nbsp; O Abastrai \u00e9 o principal conjunto de m\u00fasica de c\u00e2mara contempor\u00e2nea do Rio de Janeiro, fundado em 2005. Em 2020, comemoraram-se 15 anos de [&hellip;]<\/p>\n","protected":false},"author":1,"featured_media":13158,"comment_status":"closed","ping_status":"closed","sticky":false,"template":"","format":"standard","meta":{"footnotes":""},"categories":[218],"tags":[],"class_list":["post-13160","post","type-post","status-publish","format-standard","has-post-thumbnail","hentry","category-noticias-generales-pt"],"lang":"pt","translations":{"pt":13160,"es":13157},"pll_sync_post":[],"post_mailing_queue_ids":[],"_links":{"self":[{"href":"http:\/\/staging.ibermusicas.org\/index.php\/wp-json\/wp\/v2\/posts\/13160","targetHints":{"allow":["GET"]}}],"collection":[{"href":"http:\/\/staging.ibermusicas.org\/index.php\/wp-json\/wp\/v2\/posts"}],"about":[{"href":"http:\/\/staging.ibermusicas.org\/index.php\/wp-json\/wp\/v2\/types\/post"}],"author":[{"embeddable":true,"href":"http:\/\/staging.ibermusicas.org\/index.php\/wp-json\/wp\/v2\/users\/1"}],"replies":[{"embeddable":true,"href":"http:\/\/staging.ibermusicas.org\/index.php\/wp-json\/wp\/v2\/comments?post=13160"}],"version-history":[{"count":1,"href":"http:\/\/staging.ibermusicas.org\/index.php\/wp-json\/wp\/v2\/posts\/13160\/revisions"}],"predecessor-version":[{"id":13161,"href":"http:\/\/staging.ibermusicas.org\/index.php\/wp-json\/wp\/v2\/posts\/13160\/revisions\/13161"}],"wp:featuredmedia":[{"embeddable":true,"href":"http:\/\/staging.ibermusicas.org\/index.php\/wp-json\/wp\/v2\/media\/13158"}],"wp:attachment":[{"href":"http:\/\/staging.ibermusicas.org\/index.php\/wp-json\/wp\/v2\/media?parent=13160"}],"wp:term":[{"taxonomy":"category","embeddable":true,"href":"http:\/\/staging.ibermusicas.org\/index.php\/wp-json\/wp\/v2\/categories?post=13160"},{"taxonomy":"post_tag","embeddable":true,"href":"http:\/\/staging.ibermusicas.org\/index.php\/wp-json\/wp\/v2\/tags?post=13160"}],"curies":[{"name":"wp","href":"https:\/\/api.w.org\/{rel}","templated":true}]}}