{"id":13162,"date":"2022-08-30T20:11:25","date_gmt":"2022-08-30T20:11:25","guid":{"rendered":"http:\/\/staging.ibermusicas.org\/?p=13162"},"modified":"2022-10-03T02:27:48","modified_gmt":"2022-10-03T02:27:48","slug":"estacion-del-arte-de-paraguay-comienza-con-su-ciclo-de-conciertos-y-charlas-en-la-triple-frontera","status":"publish","type":"post","link":"http:\/\/staging.ibermusicas.org\/index.php\/estacion-del-arte-de-paraguay-comienza-con-su-ciclo-de-conciertos-y-charlas-en-la-triple-frontera\/","title":{"rendered":"Estaci\u00f3n del Arte de Paraguay comienza con su ciclo de conciertos y charlas en la Triple Frontera"},"content":{"rendered":"<p>Estaci\u00f3n del Arte es una casa cultural de eventos que da espacio y visibilidad a la cultura y arte de la regi\u00f3n entendi\u00e9ndola como \u201ctriple frontera\u201d. Se ubica en Presidente Franco (Paraguay), frontera con Foz de Iguaz\u00fa (Brasil) y Puerto Iguaz\u00fa (Argentina). A partir de septiembre realizar\u00e1n una serie de conciertos de importantes artistas de Paraguay, Brasil y Argentina.<\/p>\n<p>&nbsp;<\/p>\n<p>Adem\u00e1s de los conciertos musicales, los artistas participantes brindar\u00e1n charlas en torno a sus saberes espec\u00edficos. Algunas de las tem\u00e1ticas abordadas ser\u00e1n: el requinto en Paraguay por Panchi Duarte (Py), el bandone\u00f3n en la m\u00fasica de la regi\u00f3n por Los N\u00fa\u00f1ez (Ar), propuestas est\u00e9ticas contempor\u00e1neas para el folclore paraguayo por Mart\u00edn Ortega (Py), cantautoras por Tha\u00eds Montenegro (Br), procesos creativos por Ellen Mir\u00fa (Br), el arpa paraguaya contempor\u00e1nea por Sixto Corbal\u00e1n (Py).<\/p>\n<p>&nbsp;<\/p>\n<p>3 de septiembre Herenncia Latina (Brasil). Charla a las 20 hs. y concierto a las 21 hs.<\/p>\n<p>16 de septiembre Panchi Duarte (Paraguay). Charla a las 20 hs. y concierto a las 21 hs.<\/p>\n<p>&nbsp;<\/p>\n<p>Todos los eventos ser\u00e1n realizados presencialmente en Estaci\u00f3n del Arte, Presidente Franco, Paraguay.<\/p>\n<p>&nbsp;<\/p>\n<p>Transmisi\u00f3n en vivo y directo por: <a href=\"https:\/\/www.facebook.com\/estaciondelarte1\">https:\/\/www.facebook.com\/estaciondelarte1<\/a> y por<\/p>\n<p><a href=\"https:\/\/www.youtube.com\/channel\/UClnu_dsVYeAP6xLlLqnyF4A\/featured\">https:\/\/www.youtube.com\/channel\/UClnu_dsVYeAP6xLlLqnyF4A\/featured<\/a><\/p>\n","protected":false},"excerpt":{"rendered":"<p>Estaci\u00f3n del Arte es una casa cultural de eventos que da espacio y visibilidad a la cultura y arte de la regi\u00f3n entendi\u00e9ndola como \u201ctriple frontera\u201d. Se ubica en Presidente Franco (Paraguay), frontera con Foz de Iguaz\u00fa (Brasil) y Puerto Iguaz\u00fa (Argentina). A partir de septiembre realizar\u00e1n una serie de conciertos de importantes artistas de [&hellip;]<\/p>\n","protected":false},"author":1,"featured_media":13163,"comment_status":"closed","ping_status":"closed","sticky":false,"template":"","format":"standard","meta":{"footnotes":""},"categories":[53],"tags":[],"class_list":["post-13162","post","type-post","status-publish","format-standard","has-post-thumbnail","hentry","category-noticias-generales"],"lang":"es","translations":{"es":13162,"pt":13165},"pll_sync_post":[],"post_mailing_queue_ids":[],"_links":{"self":[{"href":"http:\/\/staging.ibermusicas.org\/index.php\/wp-json\/wp\/v2\/posts\/13162","targetHints":{"allow":["GET"]}}],"collection":[{"href":"http:\/\/staging.ibermusicas.org\/index.php\/wp-json\/wp\/v2\/posts"}],"about":[{"href":"http:\/\/staging.ibermusicas.org\/index.php\/wp-json\/wp\/v2\/types\/post"}],"author":[{"embeddable":true,"href":"http:\/\/staging.ibermusicas.org\/index.php\/wp-json\/wp\/v2\/users\/1"}],"replies":[{"embeddable":true,"href":"http:\/\/staging.ibermusicas.org\/index.php\/wp-json\/wp\/v2\/comments?post=13162"}],"version-history":[{"count":1,"href":"http:\/\/staging.ibermusicas.org\/index.php\/wp-json\/wp\/v2\/posts\/13162\/revisions"}],"predecessor-version":[{"id":13164,"href":"http:\/\/staging.ibermusicas.org\/index.php\/wp-json\/wp\/v2\/posts\/13162\/revisions\/13164"}],"wp:featuredmedia":[{"embeddable":true,"href":"http:\/\/staging.ibermusicas.org\/index.php\/wp-json\/wp\/v2\/media\/13163"}],"wp:attachment":[{"href":"http:\/\/staging.ibermusicas.org\/index.php\/wp-json\/wp\/v2\/media?parent=13162"}],"wp:term":[{"taxonomy":"category","embeddable":true,"href":"http:\/\/staging.ibermusicas.org\/index.php\/wp-json\/wp\/v2\/categories?post=13162"},{"taxonomy":"post_tag","embeddable":true,"href":"http:\/\/staging.ibermusicas.org\/index.php\/wp-json\/wp\/v2\/tags?post=13162"}],"curies":[{"name":"wp","href":"https:\/\/api.w.org\/{rel}","templated":true}]}}