{"id":13177,"date":"2022-08-30T20:26:41","date_gmt":"2022-08-30T20:26:41","guid":{"rendered":"http:\/\/staging.ibermusicas.org\/?p=13177"},"modified":"2022-08-30T20:26:41","modified_gmt":"2022-08-30T20:26:41","slug":"el-compositor-peruano-sergio-salazar-inicia-su-residencia-compositiva-junto-a-luca-belcastro-en-calabria-italia","status":"publish","type":"post","link":"http:\/\/staging.ibermusicas.org\/index.php\/el-compositor-peruano-sergio-salazar-inicia-su-residencia-compositiva-junto-a-luca-belcastro-en-calabria-italia\/","title":{"rendered":"El compositor peruano Sergio Salazar inicia su residencia compositiva junto a Luca Belcastro en Calabria, Italia"},"content":{"rendered":"<p>Bajo la gu\u00eda del reconocido compositor italiano Luca Belcastro, el compositor peruano Sergio Salazar, realizar\u00e1 una residencia en composici\u00f3n musical en la regi\u00f3n de Calabria, Italia. El formato instrumental de la obra a componer ser\u00e1 para quinteto (cuarteto de cuerdas y un piano). La primera semana consistir\u00e1 en la explicaci\u00f3n y aplicaci\u00f3n del m\u00e9todo de composici\u00f3n, desarrollado por el compositor Luca Belcastro. Las semanas sucesivas, segunda, tercera y cuarta ser\u00e1n de revisiones del avance del trabajo de creaci\u00f3n de la pieza musical.<\/p>\n<p>&nbsp;<\/p>\n<p>Sergio Salazar es m\u00fasico compositor y creador sonoro, estudi\u00f3 composici\u00f3n musical en la Universidad Nacional de La Plata, Argentina. Se ha capacitado con los maestros: Alicia Terz\u00edan (Argentina), Leonardo Genovesse (Argentina), Yotam Silberstein (Israel), Greg Burk (Estados Unidos), Tim Rescala (Brasil), Gustavo de Leonardis (Argentina), entre otros. Sus obras han sido estrenadas en Per\u00fa y Argentina por el quinteto \u00abAfro en las Alturas\u00bb en ediciones consecutivas del Festival Internacional del Jazz y en recitales de m\u00fasica contempor\u00e1nea programados por centros culturales peruanos. Es fundador y director art\u00edstico de la plataforma cultural Red Sonora. Ha grabado con reconocidos artistas peruanos y tambi\u00e9n con m\u00fasicos de Italia, Brasil, Jap\u00f3n y USA. Sus producciones abarcan conciertos interdisciplinarios de artes esc\u00e9nicas, m\u00fasica, artes visuales.<\/p>\n<p>&nbsp;<\/p>\n<p>Luca Belcastro naci\u00f3 en Como, Italia en 1964. Se gradu\u00f3 en Guitarra cl\u00e1sica en el Conservatorio de M\u00fasica \u00abGiuseppe Verdi\u00bb de Milano y en Composici\u00f3n, con la m\u00e1xima calificaci\u00f3n, en el Conservatorio de M\u00fasica \u00abGiuseppe Nicolini\u00bb de Piacenza. Estudi\u00f3 con Giuseppe Colardo, Sonia Bo y Azio Corghi, con quien asisti\u00f3 a cursos de especializaci\u00f3n en composici\u00f3n en la Accademia \u00abGoffredo Petrassi\u00bb de Parma y en la Accademia di Santa Cecilia de Roma, donde se gradu\u00f3 con la m\u00e1xima calificaci\u00f3n y \u00abPremio SIAE\u00bb. Sus composiciones han sido ejecutadas en importantes festivales en Italia (Settembre M\u00fasica in Torino, Milano Musica, Nuova Consonanza in Roma, etc.), en Europa (Portugal, Espa\u00f1a, Irlanda, Inglaterra, Alemania, Ruman\u00eda, Francia, Bulgaria, Grecia, Finlandia, Noruega, Rusia, Macedonia, Holanda, Slovenia, Suiza, Austria) y en USA, China, Korea, Armenia y Jap\u00f3n.<\/p>\n<p>&nbsp;<\/p>\n<p>Del 5 de septiembre al 30 de septiembre, Calabria, Italia<\/p>\n","protected":false},"excerpt":{"rendered":"<p>Bajo la gu\u00eda del reconocido compositor italiano Luca Belcastro, el compositor peruano Sergio Salazar, realizar\u00e1 una residencia en composici\u00f3n musical en la regi\u00f3n de Calabria, Italia. El formato instrumental de la obra a componer ser\u00e1 para quinteto (cuarteto de cuerdas y un piano). La primera semana consistir\u00e1 en la explicaci\u00f3n y aplicaci\u00f3n del m\u00e9todo de [&hellip;]<\/p>\n","protected":false},"author":1,"featured_media":13178,"comment_status":"closed","ping_status":"closed","sticky":false,"template":"","format":"standard","meta":{"footnotes":""},"categories":[53],"tags":[],"class_list":["post-13177","post","type-post","status-publish","format-standard","has-post-thumbnail","hentry","category-noticias-generales"],"lang":"es","translations":{"es":13177,"pt":13180},"pll_sync_post":[],"post_mailing_queue_ids":[],"_links":{"self":[{"href":"http:\/\/staging.ibermusicas.org\/index.php\/wp-json\/wp\/v2\/posts\/13177","targetHints":{"allow":["GET"]}}],"collection":[{"href":"http:\/\/staging.ibermusicas.org\/index.php\/wp-json\/wp\/v2\/posts"}],"about":[{"href":"http:\/\/staging.ibermusicas.org\/index.php\/wp-json\/wp\/v2\/types\/post"}],"author":[{"embeddable":true,"href":"http:\/\/staging.ibermusicas.org\/index.php\/wp-json\/wp\/v2\/users\/1"}],"replies":[{"embeddable":true,"href":"http:\/\/staging.ibermusicas.org\/index.php\/wp-json\/wp\/v2\/comments?post=13177"}],"version-history":[{"count":1,"href":"http:\/\/staging.ibermusicas.org\/index.php\/wp-json\/wp\/v2\/posts\/13177\/revisions"}],"predecessor-version":[{"id":13179,"href":"http:\/\/staging.ibermusicas.org\/index.php\/wp-json\/wp\/v2\/posts\/13177\/revisions\/13179"}],"wp:featuredmedia":[{"embeddable":true,"href":"http:\/\/staging.ibermusicas.org\/index.php\/wp-json\/wp\/v2\/media\/13178"}],"wp:attachment":[{"href":"http:\/\/staging.ibermusicas.org\/index.php\/wp-json\/wp\/v2\/media?parent=13177"}],"wp:term":[{"taxonomy":"category","embeddable":true,"href":"http:\/\/staging.ibermusicas.org\/index.php\/wp-json\/wp\/v2\/categories?post=13177"},{"taxonomy":"post_tag","embeddable":true,"href":"http:\/\/staging.ibermusicas.org\/index.php\/wp-json\/wp\/v2\/tags?post=13177"}],"curies":[{"name":"wp","href":"https:\/\/api.w.org\/{rel}","templated":true}]}}