{"id":13180,"date":"2022-08-30T20:27:59","date_gmt":"2022-08-30T20:27:59","guid":{"rendered":"http:\/\/staging.ibermusicas.org\/?p=13180"},"modified":"2022-08-30T20:27:59","modified_gmt":"2022-08-30T20:27:59","slug":"o-compositor-peruano-sergio-salazar-inicia-sua-residencia-composicional-com-luca-belcastro-na-calabria-italia","status":"publish","type":"post","link":"http:\/\/staging.ibermusicas.org\/index.php\/o-compositor-peruano-sergio-salazar-inicia-sua-residencia-composicional-com-luca-belcastro-na-calabria-italia\/","title":{"rendered":"O compositor peruano Sergio Salazar inicia sua resid\u00eancia composicional com Luca Belcastro, na Cal\u00e1bria, It\u00e1lia"},"content":{"rendered":"<p>Sob a orienta\u00e7\u00e3o do renomado compositor italiano Luca Belcastro, o compositor peruano Sergio Salazar, realizar\u00e1 uma resid\u00eancia em composi\u00e7\u00e3o musical na regi\u00e3o da Cal\u00e1bria, It\u00e1lia. O formato instrumental da obra a ser composta ser\u00e1 para quinteto (quarteto de cordas e piano). A primeira semana consistir\u00e1 em uma explica\u00e7\u00e3o e aplica\u00e7\u00e3o do m\u00e9todo de composi\u00e7\u00e3o desenvolvido pelo compositor Luca Belcastro. A segunda, terceira e quarta semanas ser\u00e3o dedicadas \u00e0 revis\u00e3o do progresso do trabalho de cria\u00e7\u00e3o da pe\u00e7a musical.<\/p>\n<p>&nbsp;<\/p>\n<p>Sergio Salazar \u00e9 m\u00fasico, compositor e criador de som. Estudou composi\u00e7\u00e3o musical na Universidade Nacional de La Plata, Argentina. Ele treinou com os mestres Alicia Terz\u00edan (Argentina), Leonardo Genovesse (Argentina), Yotam Silberstein (Israel), Greg Burk (Estados Unidos), Tim Rescala (Brasil), Gustavo de Leonardis (Argentina), entre outros. Suas obras foram estreadas no Peru e na Argentina pelo quinteto \u00abAfro en las Alturas\u00bb, em edi\u00e7\u00f5es consecutivas do Festival Internacional de Jazz e em recitais de m\u00fasica contempor\u00e2nea programados por centros culturais peruanos. Ele \u00e9 fundador e diretor art\u00edstico da plataforma cultural Red Sonora. Gravou com artistas peruanos de renome e tamb\u00e9m com m\u00fasicos da It\u00e1lia, Brasil, Jap\u00e3o e EUA. Suas produ\u00e7\u00f5es incluem concertos interdisciplinares de artes c\u00eanicas, m\u00fasica e artes visuais.<\/p>\n<p>&nbsp;<\/p>\n<p>Luca Belcastro nasceu em Como, It\u00e1lia, em 1964. Formou-se em Viol\u00e3o Cl\u00e1ssico no Conservat\u00f3rio de M\u00fasica \u00abGiuseppe Verdi\u00bb em Mil\u00e3o e em Composi\u00e7\u00e3o, com a mais alta qualifica\u00e7\u00e3o, no Conservat\u00f3rio de M\u00fasica \u00abGiuseppe Nicolini\u00bb em Piacenza. Ele estudou com Giuseppe Colardo, Sonia Bo e Azio Corghi, com quem freq\u00fcentou cursos de especializa\u00e7\u00e3o em composi\u00e7\u00e3o na Accademia \u00abGoffredo Petrassi\u00bb em Parma e na Accademia di Santa Cecilia em Roma, onde se formou com a mais alta qualifica\u00e7\u00e3o e \u00abPr\u00eamio SIAE\u00bb. Suas composi\u00e7\u00f5es foram apresentadas em importantes festivais na It\u00e1lia (Settembre M\u00fasica em Torino, Milano Musica, Nuova Consonanza em Roma, etc.), na Europa (Portugal, Espanha, Irlanda, Inglaterra, Alemanha, Rom\u00eania, Fran\u00e7a, Bulg\u00e1ria, Gr\u00e9cia, Finl\u00e2ndia, Noruega, R\u00fassia, Maced\u00f4nia, Holanda, Eslov\u00eania, Su\u00ed\u00e7a, \u00c1ustria) e nos EUA, China, Cor\u00e9ia, Arm\u00eania e Jap\u00e3o.<\/p>\n<p>&nbsp;<\/p>\n<p>&nbsp;<\/p>\n<p>De 5 de setembro a 30 de setembro, Cal\u00e1bria, It\u00e1lia<\/p>\n","protected":false},"excerpt":{"rendered":"<p>Sob a orienta\u00e7\u00e3o do renomado compositor italiano Luca Belcastro, o compositor peruano Sergio Salazar, realizar\u00e1 uma resid\u00eancia em composi\u00e7\u00e3o musical na regi\u00e3o da Cal\u00e1bria, It\u00e1lia. O formato instrumental da obra a ser composta ser\u00e1 para quinteto (quarteto de cordas e piano). A primeira semana consistir\u00e1 em uma explica\u00e7\u00e3o e aplica\u00e7\u00e3o do m\u00e9todo de composi\u00e7\u00e3o desenvolvido [&hellip;]<\/p>\n","protected":false},"author":1,"featured_media":13178,"comment_status":"closed","ping_status":"closed","sticky":false,"template":"","format":"standard","meta":{"footnotes":""},"categories":[218],"tags":[],"class_list":["post-13180","post","type-post","status-publish","format-standard","has-post-thumbnail","hentry","category-noticias-generales-pt"],"lang":"pt","translations":{"pt":13180,"es":13177},"pll_sync_post":[],"post_mailing_queue_ids":[],"_links":{"self":[{"href":"http:\/\/staging.ibermusicas.org\/index.php\/wp-json\/wp\/v2\/posts\/13180","targetHints":{"allow":["GET"]}}],"collection":[{"href":"http:\/\/staging.ibermusicas.org\/index.php\/wp-json\/wp\/v2\/posts"}],"about":[{"href":"http:\/\/staging.ibermusicas.org\/index.php\/wp-json\/wp\/v2\/types\/post"}],"author":[{"embeddable":true,"href":"http:\/\/staging.ibermusicas.org\/index.php\/wp-json\/wp\/v2\/users\/1"}],"replies":[{"embeddable":true,"href":"http:\/\/staging.ibermusicas.org\/index.php\/wp-json\/wp\/v2\/comments?post=13180"}],"version-history":[{"count":1,"href":"http:\/\/staging.ibermusicas.org\/index.php\/wp-json\/wp\/v2\/posts\/13180\/revisions"}],"predecessor-version":[{"id":13181,"href":"http:\/\/staging.ibermusicas.org\/index.php\/wp-json\/wp\/v2\/posts\/13180\/revisions\/13181"}],"wp:featuredmedia":[{"embeddable":true,"href":"http:\/\/staging.ibermusicas.org\/index.php\/wp-json\/wp\/v2\/media\/13178"}],"wp:attachment":[{"href":"http:\/\/staging.ibermusicas.org\/index.php\/wp-json\/wp\/v2\/media?parent=13180"}],"wp:term":[{"taxonomy":"category","embeddable":true,"href":"http:\/\/staging.ibermusicas.org\/index.php\/wp-json\/wp\/v2\/categories?post=13180"},{"taxonomy":"post_tag","embeddable":true,"href":"http:\/\/staging.ibermusicas.org\/index.php\/wp-json\/wp\/v2\/tags?post=13180"}],"curies":[{"name":"wp","href":"https:\/\/api.w.org\/{rel}","templated":true}]}}