{"id":13185,"date":"2022-08-30T20:35:22","date_gmt":"2022-08-30T20:35:22","guid":{"rendered":"http:\/\/staging.ibermusicas.org\/?p=13185"},"modified":"2022-10-03T02:31:53","modified_gmt":"2022-10-03T02:31:53","slug":"do-mexico-vem-a-proposta-festiva-do-dj-borchi-com-sua-double-redoble","status":"publish","type":"post","link":"http:\/\/staging.ibermusicas.org\/index.php\/do-mexico-vem-a-proposta-festiva-do-dj-borchi-com-sua-double-redoble\/","title":{"rendered":"Do M\u00e9xico vem a proposta festiva do DJ Borchi com sua Double Redoble"},"content":{"rendered":"<p>Borchi \u00e9 um dos DJ mais destacados do cen\u00e1rio global de global bass e freestyle na Cidade do M\u00e9xico, incluindo percuss\u00e3o, ritmos latino-americanos e hip hop. Pablo Borchi Klapp \u00e9 um produtor musical com uma longa carreira como DJ e \u00e9 o respons\u00e1vel por este projeto. A id\u00e9ia para Borchi y Su Doble Redoble surgiu quando ele era aluno da Academia de M\u00fasica Red Bull de Paris, em 2015. Uma de suas marcas registradas \u00e9 levar a brass band New Orleans-estilo aos clubes mexicanos; sua m\u00fasica \u00e9 criada com samples de qualquer g\u00eanero. Em 2016 ele fez parte da programa\u00e7\u00e3o do Festival MUTEK. Ele tamb\u00e9m fez parte do duo Beat Buffet, junto com Ra\u00fal Sotomayor, e do programa de r\u00e1dio Cassette Blog no Ibero 909.<\/p>\n<p>&nbsp;<\/p>\n<p>A apresenta\u00e7\u00e3o de Borchi consistir\u00e1 de uma transmiss\u00e3o ao vivo do concerto de Doble Redoble + Masterclass dada por Borchi + Masterclass dada por Asaph S\u00e1nchez + Entrevistas com os artistas brasileiros: Luana Flores e Diogo Ramos.<\/p>\n<p>&nbsp;<\/p>\n<p>Ter\u00e7a-feira, 6 de setembro, 20 horas.<\/p>\n<p><a href=\"https:\/\/www.facebook.com\/dobleredoble\">https:\/\/www.facebook.com\/dobleredoble<\/a><\/p>\n<p><a href=\"https:\/\/www.youtube.com\/channel\/UCgiWj9Czu18Ai14u28L3Gt\">https:\/\/www.youtube.com\/channel\/UCgiWj9Czu18Ai14u28L3Gt<\/a><\/p>\n","protected":false},"excerpt":{"rendered":"<p>Borchi \u00e9 um dos DJ mais destacados do cen\u00e1rio global de global bass e freestyle na Cidade do M\u00e9xico, incluindo percuss\u00e3o, ritmos latino-americanos e hip hop. Pablo Borchi Klapp \u00e9 um produtor musical com uma longa carreira como DJ e \u00e9 o respons\u00e1vel por este projeto. A id\u00e9ia para Borchi y Su Doble Redoble surgiu [&hellip;]<\/p>\n","protected":false},"author":1,"featured_media":13183,"comment_status":"closed","ping_status":"closed","sticky":false,"template":"","format":"standard","meta":{"footnotes":""},"categories":[218],"tags":[],"class_list":["post-13185","post","type-post","status-publish","format-standard","has-post-thumbnail","hentry","category-noticias-generales-pt"],"lang":"pt","translations":{"pt":13185,"es":13182},"pll_sync_post":[],"post_mailing_queue_ids":[],"_links":{"self":[{"href":"http:\/\/staging.ibermusicas.org\/index.php\/wp-json\/wp\/v2\/posts\/13185","targetHints":{"allow":["GET"]}}],"collection":[{"href":"http:\/\/staging.ibermusicas.org\/index.php\/wp-json\/wp\/v2\/posts"}],"about":[{"href":"http:\/\/staging.ibermusicas.org\/index.php\/wp-json\/wp\/v2\/types\/post"}],"author":[{"embeddable":true,"href":"http:\/\/staging.ibermusicas.org\/index.php\/wp-json\/wp\/v2\/users\/1"}],"replies":[{"embeddable":true,"href":"http:\/\/staging.ibermusicas.org\/index.php\/wp-json\/wp\/v2\/comments?post=13185"}],"version-history":[{"count":1,"href":"http:\/\/staging.ibermusicas.org\/index.php\/wp-json\/wp\/v2\/posts\/13185\/revisions"}],"predecessor-version":[{"id":13186,"href":"http:\/\/staging.ibermusicas.org\/index.php\/wp-json\/wp\/v2\/posts\/13185\/revisions\/13186"}],"wp:featuredmedia":[{"embeddable":true,"href":"http:\/\/staging.ibermusicas.org\/index.php\/wp-json\/wp\/v2\/media\/13183"}],"wp:attachment":[{"href":"http:\/\/staging.ibermusicas.org\/index.php\/wp-json\/wp\/v2\/media?parent=13185"}],"wp:term":[{"taxonomy":"category","embeddable":true,"href":"http:\/\/staging.ibermusicas.org\/index.php\/wp-json\/wp\/v2\/categories?post=13185"},{"taxonomy":"post_tag","embeddable":true,"href":"http:\/\/staging.ibermusicas.org\/index.php\/wp-json\/wp\/v2\/tags?post=13185"}],"curies":[{"name":"wp","href":"https:\/\/api.w.org\/{rel}","templated":true}]}}