{"id":13187,"date":"2022-08-30T20:40:53","date_gmt":"2022-08-30T20:40:53","guid":{"rendered":"http:\/\/staging.ibermusicas.org\/?p=13187"},"modified":"2022-10-03T02:28:16","modified_gmt":"2022-10-03T02:28:16","slug":"desde-colombia-llega-investigacion-artistica-en-sudamerica-reflexiones-saberes-y-experiencias-en-el-campo-musical","status":"publish","type":"post","link":"http:\/\/staging.ibermusicas.org\/index.php\/desde-colombia-llega-investigacion-artistica-en-sudamerica-reflexiones-saberes-y-experiencias-en-el-campo-musical\/","title":{"rendered":"Desde Colombia llega \u201cInvestigaci\u00f3n Art\u00edstica en Sudam\u00e9rica\u201d, reflexiones, saberes y experiencias en el campo musical"},"content":{"rendered":"<p>\u201cInvestigaci\u00f3n Art\u00edstica en Sudam\u00e9rica\u201d, reflexiones, saberes y experiencias en el campo musical es un encuentro virtual entre Luis Aros (Chile), Doctor en Artes, Fundador y Director del N\u00facleo de Investigaci\u00f3n Vocal (NIV), Gonzalo Victoria (Uruguay), Mg en Artes, Docente de Guitarra en la Facultad de Artes, Universidad de la Rep\u00fablica y Diego G\u00f3mez (Colombia) Mg en Musicolog\u00eda, Director del Departamento de Musicolog\u00eda de la Fundaci\u00f3n Universitaria Juan N. Corpas<\/p>\n<p>&nbsp;<\/p>\n<p>Jueves 8 de septiembre, 15 hs en <a href=\"https:\/\/forms.gle\/MLqoUoirr7QeXGxo9\">https:\/\/forms.gle\/MLqoUoirr7QeXGxo9<\/a><\/p>\n","protected":false},"excerpt":{"rendered":"<p>\u201cInvestigaci\u00f3n Art\u00edstica en Sudam\u00e9rica\u201d, reflexiones, saberes y experiencias en el campo musical es un encuentro virtual entre Luis Aros (Chile), Doctor en Artes, Fundador y Director del N\u00facleo de Investigaci\u00f3n Vocal (NIV), Gonzalo Victoria (Uruguay), Mg en Artes, Docente de Guitarra en la Facultad de Artes, Universidad de la Rep\u00fablica y Diego G\u00f3mez (Colombia) Mg [&hellip;]<\/p>\n","protected":false},"author":1,"featured_media":13188,"comment_status":"closed","ping_status":"closed","sticky":false,"template":"","format":"standard","meta":{"footnotes":""},"categories":[53],"tags":[],"class_list":["post-13187","post","type-post","status-publish","format-standard","has-post-thumbnail","hentry","category-noticias-generales"],"lang":"es","translations":{"es":13187,"pt":13190},"pll_sync_post":[],"post_mailing_queue_ids":[],"_links":{"self":[{"href":"http:\/\/staging.ibermusicas.org\/index.php\/wp-json\/wp\/v2\/posts\/13187","targetHints":{"allow":["GET"]}}],"collection":[{"href":"http:\/\/staging.ibermusicas.org\/index.php\/wp-json\/wp\/v2\/posts"}],"about":[{"href":"http:\/\/staging.ibermusicas.org\/index.php\/wp-json\/wp\/v2\/types\/post"}],"author":[{"embeddable":true,"href":"http:\/\/staging.ibermusicas.org\/index.php\/wp-json\/wp\/v2\/users\/1"}],"replies":[{"embeddable":true,"href":"http:\/\/staging.ibermusicas.org\/index.php\/wp-json\/wp\/v2\/comments?post=13187"}],"version-history":[{"count":1,"href":"http:\/\/staging.ibermusicas.org\/index.php\/wp-json\/wp\/v2\/posts\/13187\/revisions"}],"predecessor-version":[{"id":13189,"href":"http:\/\/staging.ibermusicas.org\/index.php\/wp-json\/wp\/v2\/posts\/13187\/revisions\/13189"}],"wp:featuredmedia":[{"embeddable":true,"href":"http:\/\/staging.ibermusicas.org\/index.php\/wp-json\/wp\/v2\/media\/13188"}],"wp:attachment":[{"href":"http:\/\/staging.ibermusicas.org\/index.php\/wp-json\/wp\/v2\/media?parent=13187"}],"wp:term":[{"taxonomy":"category","embeddable":true,"href":"http:\/\/staging.ibermusicas.org\/index.php\/wp-json\/wp\/v2\/categories?post=13187"},{"taxonomy":"post_tag","embeddable":true,"href":"http:\/\/staging.ibermusicas.org\/index.php\/wp-json\/wp\/v2\/tags?post=13187"}],"curies":[{"name":"wp","href":"https:\/\/api.w.org\/{rel}","templated":true}]}}