{"id":13190,"date":"2022-08-30T20:43:37","date_gmt":"2022-08-30T20:43:37","guid":{"rendered":"http:\/\/staging.ibermusicas.org\/?p=13190"},"modified":"2022-10-03T02:31:46","modified_gmt":"2022-10-03T02:31:46","slug":"desde-colombia-llega-investigacion-artistica-en-sudamerica-reflexiones-saberes-y-experiencias-en-el-campo-musical-2","status":"publish","type":"post","link":"http:\/\/staging.ibermusicas.org\/index.php\/desde-colombia-llega-investigacion-artistica-en-sudamerica-reflexiones-saberes-y-experiencias-en-el-campo-musical-2\/","title":{"rendered":"Da Col\u00f4mbia vem \u00abPesquisa Art\u00edstica na Am\u00e9rica do Sul\u00bb, reflex\u00f5es, conhecimentos e experi\u00eancias no campo musical"},"content":{"rendered":"<p>\u00abPesquisa Art\u00edstica na Am\u00e9rica do Sul\u00bb, reflex\u00f5es, conhecimentos e experi\u00eancias no campo musical \u00e9 um encontro virtual entre Luis Aros (Chile), Doutor em Artes, Fundador e Diretor do N\u00facleo de Investiga\u00e7\u00e3o Vocal (NIV), Gonzalo Victoria (Uruguai), Mg em Artes, Professor de Viol\u00e3o da Faculdade de Artes da Universidade da Rep\u00fablica e Diego G\u00f3mez (Col\u00f4mbia) Mg em Musicologia, Diretor do Departamento de Musicologia da Fundaci\u00f3n Universitaria Juan N. Corpas.<\/p>\n<p>&nbsp;<\/p>\n<p>Quinta-feira, 8 de setembro, 15 horas no <a href=\"https:\/\/forms.gle\/MLqoUoirr7QeXGxo9\">https:\/\/forms.gle\/MLqoUoirr7QeXGxo9<\/a><\/p>\n","protected":false},"excerpt":{"rendered":"<p>\u00abPesquisa Art\u00edstica na Am\u00e9rica do Sul\u00bb, reflex\u00f5es, conhecimentos e experi\u00eancias no campo musical \u00e9 um encontro virtual entre Luis Aros (Chile), Doutor em Artes, Fundador e Diretor do N\u00facleo de Investiga\u00e7\u00e3o Vocal (NIV), Gonzalo Victoria (Uruguai), Mg em Artes, Professor de Viol\u00e3o da Faculdade de Artes da Universidade da Rep\u00fablica e Diego G\u00f3mez (Col\u00f4mbia) Mg [&hellip;]<\/p>\n","protected":false},"author":1,"featured_media":13188,"comment_status":"closed","ping_status":"closed","sticky":false,"template":"","format":"standard","meta":{"footnotes":""},"categories":[218],"tags":[],"class_list":["post-13190","post","type-post","status-publish","format-standard","has-post-thumbnail","hentry","category-noticias-generales-pt"],"lang":"pt","translations":{"pt":13190,"es":13187},"pll_sync_post":[],"post_mailing_queue_ids":[],"_links":{"self":[{"href":"http:\/\/staging.ibermusicas.org\/index.php\/wp-json\/wp\/v2\/posts\/13190","targetHints":{"allow":["GET"]}}],"collection":[{"href":"http:\/\/staging.ibermusicas.org\/index.php\/wp-json\/wp\/v2\/posts"}],"about":[{"href":"http:\/\/staging.ibermusicas.org\/index.php\/wp-json\/wp\/v2\/types\/post"}],"author":[{"embeddable":true,"href":"http:\/\/staging.ibermusicas.org\/index.php\/wp-json\/wp\/v2\/users\/1"}],"replies":[{"embeddable":true,"href":"http:\/\/staging.ibermusicas.org\/index.php\/wp-json\/wp\/v2\/comments?post=13190"}],"version-history":[{"count":2,"href":"http:\/\/staging.ibermusicas.org\/index.php\/wp-json\/wp\/v2\/posts\/13190\/revisions"}],"predecessor-version":[{"id":13192,"href":"http:\/\/staging.ibermusicas.org\/index.php\/wp-json\/wp\/v2\/posts\/13190\/revisions\/13192"}],"wp:featuredmedia":[{"embeddable":true,"href":"http:\/\/staging.ibermusicas.org\/index.php\/wp-json\/wp\/v2\/media\/13188"}],"wp:attachment":[{"href":"http:\/\/staging.ibermusicas.org\/index.php\/wp-json\/wp\/v2\/media?parent=13190"}],"wp:term":[{"taxonomy":"category","embeddable":true,"href":"http:\/\/staging.ibermusicas.org\/index.php\/wp-json\/wp\/v2\/categories?post=13190"},{"taxonomy":"post_tag","embeddable":true,"href":"http:\/\/staging.ibermusicas.org\/index.php\/wp-json\/wp\/v2\/tags?post=13190"}],"curies":[{"name":"wp","href":"https:\/\/api.w.org\/{rel}","templated":true}]}}