{"id":13193,"date":"2022-08-30T20:47:12","date_gmt":"2022-08-30T20:47:12","guid":{"rendered":"http:\/\/staging.ibermusicas.org\/?p=13193"},"modified":"2022-10-03T02:28:23","modified_gmt":"2022-10-03T02:28:23","slug":"berenice-corti-y-leandro-mellid-de-gemaa-presentan-investigacion-sobre-la-obra-de-ramiro-musotto-en-chile-en-el-xv-congreso-de-la-iaspm-al","status":"publish","type":"post","link":"http:\/\/staging.ibermusicas.org\/index.php\/berenice-corti-y-leandro-mellid-de-gemaa-presentan-investigacion-sobre-la-obra-de-ramiro-musotto-en-chile-en-el-xv-congreso-de-la-iaspm-al\/","title":{"rendered":"Berenice Corti y Leandro Mellid de GEMAA presentan \u201cInvestigaci\u00f3n sobre la obra de Ramiro Musotto\u201d en Chile en el XV Congreso de la Iaspm-AL"},"content":{"rendered":"<p>Se trata de una investigaci\u00f3n sobre la obra del m\u00fasico argentino-bahiano Ramiro Musotto (1963-2009) y su influencia en la pr\u00e1ctica de m\u00fasicas afrobrasile\u00f1as en el contexto bonaerense, entendible como circulaci\u00f3n de espec\u00edficas formaciones culturales musicales del Atl\u00e1ntico Negro. Dicha investigaci\u00f3n forma parte de las actividades del GEMAA (Grupo de Estudios en M\u00fasicas y Artes Afrobrasile\u00f1as en Buenos Aires). Dos de sus integrantes (Berenice Corti y Leandro Mellid) participar\u00e1n en el pr\u00f3ximo XV Congreso de la Rama Latinoamericana de la Asociaci\u00f3n Internacional de Estudios en M\u00fasica Popular (IASPM-AL) presentando los resultados de la primera etapa de investigaci\u00f3n.<\/p>\n<p>&nbsp;<\/p>\n<p>El XV Congreso de la Iaspm-AL se llevar\u00e1 a cabo entre el 5 y el 10 de septiembre pr\u00f3ximo en la sede del Instituto de M\u00fasica de la Pontificia Universidad Cat\u00f3lica de Valpara\u00edso (Chile). El evento acad\u00e9mico internacional cuenta con el patrocinio de la Alcald\u00eda Ciudadana de Valpara\u00edso, a trav\u00e9s de su Departamento de Cultura y m\u00e1s espec\u00edficamente de la oficina encargada de Valpara\u00edso como ciudad musical de la UNESCO.<\/p>\n<p>&nbsp;<\/p>\n<p>La ponencia \u201cCiviliza\u00e7\u00e3o &amp; barbarye. La intersecci\u00f3n de lo contrapuesto seg\u00fan Ramiro Musotto\u201d\u00a0 se presentar\u00e1 el 9 de septiembre en el marco del Simposio 9 \u201cRutas musicales del Atl\u00e1ntico Negro en Am\u00e9rica Latina\u201d<\/p>\n<p>&nbsp;<\/p>\n<p>Nacido en 1963 en Bah\u00eda Blanca, Argentina, Ramiro Musotto fue un important\u00edsimo m\u00fasico percusionista e investigador que entre 1984 y su temprana muerte en 2009 se dedic\u00f3 a estudiar, tocar, sistematizar y transmitir distintos ritmos afrobahianos \u2013de candombl\u00e9, capoeira y samba-reggae, principalmente-, as\u00ed como a producir sus propias m\u00fasicas en base a \u00e9stos. Con formaci\u00f3n en percusi\u00f3n cl\u00e1sica y popular, una b\u00fasqueda de experimentaci\u00f3n en m\u00fasica electr\u00f3nica, y una pr\u00e1ctica profesional como sesionista de estudio y sideman de escenario de m\u00fasica instrumental, tr\u00edos el\u00e9ctricos y m\u00fasicas populares de masas, Musotto produjo una obra propia acotada por su inesperada desaparici\u00f3n f\u00edsica -dos discos y algunos videos- en donde confluyeron los samplers y la tradici\u00f3n musical de Bah\u00eda, ejerciendo una gran influencia tanto en la ciudad de Salvador, que lo reconoce como una figura clave de la historia musical contempor\u00e1nea de esa ciudad, como en artistas que se dedican a estas m\u00fasicas en la Argentina. La ponencia busca realizar un primer acercamiento anal\u00edtico a su obra que ejerciendo tal influencia en la escena art\u00edstica bonaerense funciona como catalizadora de la circulaci\u00f3n de espec\u00edficas formaciones culturales musicales del Atl\u00e1ntico Negro, en este caso las desarrolladas en la regi\u00f3n de Bah\u00eda (Brasil) hacia Buenos Aires. Para ello los investigadores se centrar\u00e1n en su segundo trabajo discogr\u00e1fico Civiliza\u00e7\u00e3o &amp; barbarye de 2006 -cuyo t\u00edtulo alude a la obra fundante de la literatura pol\u00edtica argentina escrita por Domingo Faustino Sarmiento en 1845-, para observar los modos musicales en que la dicotom\u00eda del t\u00edtulo es abordada por Musotto en diferentes t\u00f3picos sonoro-discursivos: el mundo de lo sagrado, lo pol\u00edtico, la industria cultural, la world music, la cultura popular y la relaci\u00f3n de Brasil con Latinoam\u00e9rica, evidenciados todos en forma de tensiones y confluencias que esta obra conceptual construye musicalmente con gran complejidad. El abordaje integrar\u00e1 dos estrategias: por un lado el an\u00e1lisis de las condiciones de producci\u00f3n de esa obra en el contexto del Atl\u00e1ntico Negro, y por el otro el del espec\u00edficamente sonoromusical atendiendo tanto a sus caracter\u00edsticas intradiscursivas como a algunos de los sentidos que el artista abre a sus escuchas.<\/p>\n<p>&nbsp;<\/p>\n<p>9 de septiembre<\/p>\n<p><a href=\"https:\/\/15congresoiaspmal.cl\/simposio\/rutas-musicales-del-atlantico-negro-en-americalatina\">https:\/\/15congresoiaspmal.cl\/simposio\/rutas-musicales-del-atlantico-negro-en-americalatina<\/a><\/p>\n","protected":false},"excerpt":{"rendered":"<p>Se trata de una investigaci\u00f3n sobre la obra del m\u00fasico argentino-bahiano Ramiro Musotto (1963-2009) y su influencia en la pr\u00e1ctica de m\u00fasicas afrobrasile\u00f1as en el contexto bonaerense, entendible como circulaci\u00f3n de espec\u00edficas formaciones culturales musicales del Atl\u00e1ntico Negro. Dicha investigaci\u00f3n forma parte de las actividades del GEMAA (Grupo de Estudios en M\u00fasicas y Artes Afrobrasile\u00f1as [&hellip;]<\/p>\n","protected":false},"author":1,"featured_media":13195,"comment_status":"closed","ping_status":"closed","sticky":false,"template":"","format":"standard","meta":{"footnotes":""},"categories":[53],"tags":[],"class_list":["post-13193","post","type-post","status-publish","format-standard","has-post-thumbnail","hentry","category-noticias-generales"],"lang":"es","translations":{"es":13193,"pt":13197},"pll_sync_post":[],"post_mailing_queue_ids":[],"_links":{"self":[{"href":"http:\/\/staging.ibermusicas.org\/index.php\/wp-json\/wp\/v2\/posts\/13193","targetHints":{"allow":["GET"]}}],"collection":[{"href":"http:\/\/staging.ibermusicas.org\/index.php\/wp-json\/wp\/v2\/posts"}],"about":[{"href":"http:\/\/staging.ibermusicas.org\/index.php\/wp-json\/wp\/v2\/types\/post"}],"author":[{"embeddable":true,"href":"http:\/\/staging.ibermusicas.org\/index.php\/wp-json\/wp\/v2\/users\/1"}],"replies":[{"embeddable":true,"href":"http:\/\/staging.ibermusicas.org\/index.php\/wp-json\/wp\/v2\/comments?post=13193"}],"version-history":[{"count":1,"href":"http:\/\/staging.ibermusicas.org\/index.php\/wp-json\/wp\/v2\/posts\/13193\/revisions"}],"predecessor-version":[{"id":13196,"href":"http:\/\/staging.ibermusicas.org\/index.php\/wp-json\/wp\/v2\/posts\/13193\/revisions\/13196"}],"wp:featuredmedia":[{"embeddable":true,"href":"http:\/\/staging.ibermusicas.org\/index.php\/wp-json\/wp\/v2\/media\/13195"}],"wp:attachment":[{"href":"http:\/\/staging.ibermusicas.org\/index.php\/wp-json\/wp\/v2\/media?parent=13193"}],"wp:term":[{"taxonomy":"category","embeddable":true,"href":"http:\/\/staging.ibermusicas.org\/index.php\/wp-json\/wp\/v2\/categories?post=13193"},{"taxonomy":"post_tag","embeddable":true,"href":"http:\/\/staging.ibermusicas.org\/index.php\/wp-json\/wp\/v2\/tags?post=13193"}],"curies":[{"name":"wp","href":"https:\/\/api.w.org\/{rel}","templated":true}]}}