{"id":13204,"date":"2022-08-30T21:10:03","date_gmt":"2022-08-30T21:10:03","guid":{"rendered":"http:\/\/staging.ibermusicas.org\/?p=13204"},"modified":"2022-10-03T02:31:21","modified_gmt":"2022-10-03T02:31:21","slug":"mamasonikas-do-mexico-apresenta-a-reconexion-vaiven-em-colaboracao-com-barbatuques-do-brasil","status":"publish","type":"post","link":"http:\/\/staging.ibermusicas.org\/index.php\/mamasonikas-do-mexico-apresenta-a-reconexion-vaiven-em-colaboracao-com-barbatuques-do-brasil\/","title":{"rendered":"Mamas\u00f3nikas do M\u00e9xico apresenta a Reconexi\u00f3n Vaiv\u00e9n em colabora\u00e7\u00e3o com Barbatuques do Brasil"},"content":{"rendered":"<p>Reconexi\u00f3n Vaiv\u00e9n consiste em um interc\u00e2mbio do grupo mexicano Mamas\u00f3nikas, atrav\u00e9s de sess\u00f5es virtuais de percuss\u00e3o corporal e canto com Lu Horta, Mairah Rocha e Marcelo Pretto (do grupo brasileiro Barbatuques); bem como um treinamento t\u00e9cnico de \u00e1udio com os engenheiros de som de ambos os grupos.<\/p>\n<p>&nbsp;<\/p>\n<p>Desta forma, promove-se o interc\u00e2mbio cultural entre Brasil e M\u00e9xico, aprofunda-se a t\u00e9cnica da m\u00fasica corporal que distingue ambos os grupos e se realiza um trabalho coletivo de grande qualidade t\u00e9cnica e criativa. O produto destas reuni\u00f5es consistir\u00e1 de dois v\u00eddeos com as pe\u00e7as originais resultantes desta troca.<\/p>\n<p>&nbsp;<\/p>\n<p>Mamas\u00f3nikas \u00e9 composta por cinco mulheres que vieram para a arte por diferentes caminhos e que est\u00e3o empenhadas em fazer can\u00e7\u00f5es e melodias usando a sonoridade de seus corpos. Todas as cinco s\u00e3o jovens m\u00e3es e todas as cinco s\u00e3o sonoras (da\u00ed o nome). Seu projeto tem sido alimentado pela criatividade, amizade, imagina\u00e7\u00e3o e sons de diferentes culturas, tudo isso integrado a partir da convic\u00e7\u00e3o de que o corpo pode se tornar um instrumento de arte.<\/p>\n<p>&nbsp;<\/p>\n<p>&nbsp;<\/p>\n<p>V\u00eddeos dispon\u00edveis a partir de 12 de setembro em:<\/p>\n<p><a href=\"https:\/\/www.youtube.com\/channel\/UC5trylLznV5lxILxGs8RQAQ\">https:\/\/www.youtube.com\/channel\/UC5trylLznV5lxILxGs8RQAQ<\/a><\/p>\n<p><a href=\"https:\/\/www.facebook.com\/mamasonicas\">https:\/\/www.facebook.com\/mamasonicas<\/a><\/p>\n<p><a href=\"https:\/\/www.instagram.com\/mamasonicas\/\">https:\/\/www.instagram.com\/mamasonicas\/<\/a><\/p>\n<p>&nbsp;<\/p>\n","protected":false},"excerpt":{"rendered":"<p>Reconexi\u00f3n Vaiv\u00e9n consiste em um interc\u00e2mbio do grupo mexicano Mamas\u00f3nikas, atrav\u00e9s de sess\u00f5es virtuais de percuss\u00e3o corporal e canto com Lu Horta, Mairah Rocha e Marcelo Pretto (do grupo brasileiro Barbatuques); bem como um treinamento t\u00e9cnico de \u00e1udio com os engenheiros de som de ambos os grupos. &nbsp; Desta forma, promove-se o interc\u00e2mbio cultural entre [&hellip;]<\/p>\n","protected":false},"author":1,"featured_media":13202,"comment_status":"closed","ping_status":"closed","sticky":false,"template":"","format":"standard","meta":{"footnotes":""},"categories":[218],"tags":[],"class_list":["post-13204","post","type-post","status-publish","format-standard","has-post-thumbnail","hentry","category-noticias-generales-pt"],"lang":"pt","translations":{"pt":13204,"es":13200},"pll_sync_post":[],"post_mailing_queue_ids":[],"_links":{"self":[{"href":"http:\/\/staging.ibermusicas.org\/index.php\/wp-json\/wp\/v2\/posts\/13204","targetHints":{"allow":["GET"]}}],"collection":[{"href":"http:\/\/staging.ibermusicas.org\/index.php\/wp-json\/wp\/v2\/posts"}],"about":[{"href":"http:\/\/staging.ibermusicas.org\/index.php\/wp-json\/wp\/v2\/types\/post"}],"author":[{"embeddable":true,"href":"http:\/\/staging.ibermusicas.org\/index.php\/wp-json\/wp\/v2\/users\/1"}],"replies":[{"embeddable":true,"href":"http:\/\/staging.ibermusicas.org\/index.php\/wp-json\/wp\/v2\/comments?post=13204"}],"version-history":[{"count":1,"href":"http:\/\/staging.ibermusicas.org\/index.php\/wp-json\/wp\/v2\/posts\/13204\/revisions"}],"predecessor-version":[{"id":13205,"href":"http:\/\/staging.ibermusicas.org\/index.php\/wp-json\/wp\/v2\/posts\/13204\/revisions\/13205"}],"wp:featuredmedia":[{"embeddable":true,"href":"http:\/\/staging.ibermusicas.org\/index.php\/wp-json\/wp\/v2\/media\/13202"}],"wp:attachment":[{"href":"http:\/\/staging.ibermusicas.org\/index.php\/wp-json\/wp\/v2\/media?parent=13204"}],"wp:term":[{"taxonomy":"category","embeddable":true,"href":"http:\/\/staging.ibermusicas.org\/index.php\/wp-json\/wp\/v2\/categories?post=13204"},{"taxonomy":"post_tag","embeddable":true,"href":"http:\/\/staging.ibermusicas.org\/index.php\/wp-json\/wp\/v2\/tags?post=13204"}],"curies":[{"name":"wp","href":"https:\/\/api.w.org\/{rel}","templated":true}]}}