{"id":13209,"date":"2022-08-30T21:29:49","date_gmt":"2022-08-30T21:29:49","guid":{"rendered":"http:\/\/staging.ibermusicas.org\/?p=13209"},"modified":"2022-10-03T02:31:15","modified_gmt":"2022-10-03T02:31:15","slug":"natalia-merlano-gomez-de-colombia-presenta-cinco-residencia-virtual-creacion-y-produccion-de-cinco-obras-para-voz-y-electronica-2","status":"publish","type":"post","link":"http:\/\/staging.ibermusicas.org\/index.php\/natalia-merlano-gomez-de-colombia-presenta-cinco-residencia-virtual-creacion-y-produccion-de-cinco-obras-para-voz-y-electronica-2\/","title":{"rendered":"Natalia Merlano G\u00f3mez da Col\u00f4mbia apresenta \u00abCinco &#8211; Resid\u00eancia Virtual\u00bb, cria\u00e7\u00e3o e produ\u00e7\u00e3o de cinco obras para voz e eletr\u00f4nica"},"content":{"rendered":"<p>Esta proposta incluiu a cria\u00e7\u00e3o de 5 obras para voz e eletr\u00f4nica encomendadas a compositores da Col\u00f4mbia, Brasil, Argentina e Peru. O projeto buscou criar redes de coopera\u00e7\u00e3o entre compositores, int\u00e9rpretes e produtores, com o objetivo de trabalhar juntos na cria\u00e7\u00e3o de um novo repert\u00f3rio dentro do campo da m\u00fasica acad\u00eamica contempor\u00e2nea em nosso continente. Al\u00e9m disso, o objetivo \u00e9 tornar o trabalho dos artistas envolvidos no projeto mais vis\u00edvel e explorar em particular diferentes vis\u00f5es ou refer\u00eancias \u00e0s mulheres na Am\u00e9rica Latina, como tema central para as obras compostas para o projeto.<\/p>\n<p>&nbsp;<\/p>\n<p>Natalia Merlano G\u00f3mez \u00e9 uma m\u00fasica, cantora, improvisadora, criadora e professora nascida na Col\u00f4mbia. Seus interesses v\u00e3o desde a m\u00fasica popular de diferentes partes do mundo, especialmente da Am\u00e9rica Latina, at\u00e9 a m\u00fasica acad\u00eamica contempor\u00e2nea e experimental. Ela tamb\u00e9m est\u00e1 interessada em explorar v\u00eddeo e imagem como um complemento aos trabalhos vocais que ela gravou nos \u00faltimos anos. Estudou o Mestrado em M\u00fasica Contempor\u00e2nea no Staatliche Hochschule Musik und Darstellende Kunst, em Stuttgart, Alemanha. Formou-se com honras no programa de Artes Musicais com \u00eanfase em canto na Faculdade de Artes ASAB da Universidad Distrital Francisco Jos\u00e9 de Caldas em Bogot\u00e1. Atualmente, ela est\u00e1 fazendo o doutorado em Performance Musical Contempor\u00e2nea na Universidade da Calif\u00f3rnia, em San Diego. Desde 2009 ela tem estreado pe\u00e7as de compositores de todo o mundo. Recentemente apresentou seu primeiro \u00e1lbum intitulado: Resonancias Entrelazadas que inclui 15 obras de compositoras e improvisa\u00e7\u00f5es com artistas convidadas.<\/p>\n<p>&nbsp;<\/p>\n<p>As obras criadas nesta resid\u00eancia s\u00e3o: Aru por Daniel Arango &#8211; Prada (Col\u00f4mbia), Cuerpo y territorio por Macri C\u00e1ceres (Peru), Filoso como vidrio roto por Florencia Sirena (Argentina), Miniaturas por Leidy Katnerine Montilla (Col\u00f4mbia) e Corriente de agua por Guilherme Ribeiro (Brasil).<\/p>\n<p>&nbsp;<\/p>\n<p>De 12 a 16 de setembro \u00e0s 19 horas na Col\u00f4mbia, no Facebook e Youtube.<\/p>\n<p><a href=\"https:\/\/youtube.com\/playlist?list=PLyRi8yu7kv150cyUZgEx4ZNMXDZBQZ7-T\">https:\/\/youtube.com\/playlist?list=PLyRi8yu7kv150cyUZgEx4ZNMXDZBQZ7-T<\/a><\/p>\n<p><a href=\"https:\/\/www.youtube.com\/user\/Natilla87\/videos\">https:\/\/www.youtube.com\/user\/Natilla87\/videos<\/a><\/p>\n<p><a href=\"https:\/\/www.facebook.com\/nataliamerlanogomez\">https:\/\/www.facebook.com\/nataliamerlanogomez<\/a><\/p>\n","protected":false},"excerpt":{"rendered":"<p>Esta proposta incluiu a cria\u00e7\u00e3o de 5 obras para voz e eletr\u00f4nica encomendadas a compositores da Col\u00f4mbia, Brasil, Argentina e Peru. O projeto buscou criar redes de coopera\u00e7\u00e3o entre compositores, int\u00e9rpretes e produtores, com o objetivo de trabalhar juntos na cria\u00e7\u00e3o de um novo repert\u00f3rio dentro do campo da m\u00fasica acad\u00eamica contempor\u00e2nea em nosso continente. [&hellip;]<\/p>\n","protected":false},"author":1,"featured_media":13207,"comment_status":"closed","ping_status":"closed","sticky":false,"template":"","format":"standard","meta":{"footnotes":""},"categories":[218],"tags":[],"class_list":["post-13209","post","type-post","status-publish","format-standard","has-post-thumbnail","hentry","category-noticias-generales-pt"],"lang":"pt","translations":{"pt":13209,"es":13206},"pll_sync_post":[],"post_mailing_queue_ids":[],"_links":{"self":[{"href":"http:\/\/staging.ibermusicas.org\/index.php\/wp-json\/wp\/v2\/posts\/13209","targetHints":{"allow":["GET"]}}],"collection":[{"href":"http:\/\/staging.ibermusicas.org\/index.php\/wp-json\/wp\/v2\/posts"}],"about":[{"href":"http:\/\/staging.ibermusicas.org\/index.php\/wp-json\/wp\/v2\/types\/post"}],"author":[{"embeddable":true,"href":"http:\/\/staging.ibermusicas.org\/index.php\/wp-json\/wp\/v2\/users\/1"}],"replies":[{"embeddable":true,"href":"http:\/\/staging.ibermusicas.org\/index.php\/wp-json\/wp\/v2\/comments?post=13209"}],"version-history":[{"count":3,"href":"http:\/\/staging.ibermusicas.org\/index.php\/wp-json\/wp\/v2\/posts\/13209\/revisions"}],"predecessor-version":[{"id":13212,"href":"http:\/\/staging.ibermusicas.org\/index.php\/wp-json\/wp\/v2\/posts\/13209\/revisions\/13212"}],"wp:featuredmedia":[{"embeddable":true,"href":"http:\/\/staging.ibermusicas.org\/index.php\/wp-json\/wp\/v2\/media\/13207"}],"wp:attachment":[{"href":"http:\/\/staging.ibermusicas.org\/index.php\/wp-json\/wp\/v2\/media?parent=13209"}],"wp:term":[{"taxonomy":"category","embeddable":true,"href":"http:\/\/staging.ibermusicas.org\/index.php\/wp-json\/wp\/v2\/categories?post=13209"},{"taxonomy":"post_tag","embeddable":true,"href":"http:\/\/staging.ibermusicas.org\/index.php\/wp-json\/wp\/v2\/tags?post=13209"}],"curies":[{"name":"wp","href":"https:\/\/api.w.org\/{rel}","templated":true}]}}