{"id":13213,"date":"2022-08-30T21:37:18","date_gmt":"2022-08-30T21:37:18","guid":{"rendered":"http:\/\/staging.ibermusicas.org\/?p=13213"},"modified":"2022-10-03T02:25:04","modified_gmt":"2022-10-03T02:25:04","slug":"el-duo-powers-de-la-torre-realizara-el-estreno-de-la-obra-cancion-y-danza-num-2-para-piano-a-cuatro-manos-de-moises-bertran","status":"publish","type":"post","link":"http:\/\/staging.ibermusicas.org\/index.php\/el-duo-powers-de-la-torre-realizara-el-estreno-de-la-obra-cancion-y-danza-num-2-para-piano-a-cuatro-manos-de-moises-bertran\/","title":{"rendered":"El D\u00fao Powers-de la Torre realizar\u00e1 el estreno de la obra Canci\u00f3n y danza n\u00fam. 2 \u00a0para piano a cuatro manos de Mois\u00e8s Bertran"},"content":{"rendered":"<p>La Canci\u00f3n y Danza n\u00fam. 2, op. 77 del compositor Mois\u00e8s Bertran (Espa\u00f1a-Colombia) fue comisionada en 2022 por el D\u00fao Powers-de la Torre (Estados Unidos-M\u00e9xico) como resultado de un apoyo de Iberm\u00fasicas. Esta es la segunda obra para piano a cuatro manos en el cat\u00e1logo del compositor, precedida por una primera canci\u00f3n y danza, escrita a la memoria del compositor catal\u00e1n Frederic Mompou en 2002. La Canci\u00f3n y Danza n\u00fam. 2 es una obra de mayor extensi\u00f3n y densidad y, a diferencia de la primera, no est\u00e1 directamente inspirada por la m\u00fasica de Mompou, aunque hace alusi\u00f3n a la m\u00fasica tradicional de la Catalu\u00f1a natal del compositor.<\/p>\n<p>&nbsp;<\/p>\n<p>El estreno tomar\u00e1 la forma de una \u00abvideo premiere\u201d en el canal de YouTube de Ricardo de la Torre. El estreno virtual estar\u00e1 precedido por una conversaci\u00f3n entre los int\u00e9rpretes y el compositor. Al d\u00eda siguiente, la obra ser\u00e1 interpretada en un concierto presencial en Estados Unidos en el Laguerquist Concert Hall del Mary Baker Rusell Music Center de Pacific Lutheran University en Tacoma, Washington.<\/p>\n<p>&nbsp;<\/p>\n<p>El compositor Mois\u00e8s Bertran i Ventejo, nacido en Matar\u00f3 (Barcelona, Espa\u00f1a) en 1967, y tambi\u00e9n ciudadano colombiano desde 2011 es Profesor Superior de Piano; Profesor Superior de Solfeo y Teor\u00eda de la M\u00fasica; y Profesor Superior de Composici\u00f3n y Orquestaci\u00f3n, los tres t\u00edtulos otorgados\u00a0 por el Conservatori Superior de M\u00fasica del Liceu de Barcelona. Tambi\u00e9n realiz\u00f3 un M\u00e1ster en M\u00fasica y un Doctorado en Artes Musicales, ambos posgrados en composici\u00f3n con \u00e9nfasis secundario en interpretaci\u00f3n del piano, en The Hartt School de la University of Hartford Connecticut, USA). Sus principales maestros han sido Salvador Pueyo y James Sellars, en composici\u00f3n, y Maria Jes\u00fas Crespo y Luiz de Moura Castro, en piano. Ha ejercido en el Conservatori Superior de M\u00fasica del Liceu de Barcelona; Conservatorio Municipal de M\u00fasica de Igualada (Barcelona); The Hartt School, University of Hartford(Connecticut, USA); Universidad EAFIT (Medell\u00edn, Colombia), instituci\u00f3n esta \u00faltima en la que se desempe\u00f1\u00f3 tambi\u00e9n como Jefe del Departamento de M\u00fasica (2004-2005). Actualmente es Profesor Titular de Composici\u00f3n de Tiempo Completo y Dedicaci\u00f3n Exclusiva en el Conservatorio de M\u00fasica de la Universidad Nacional de Colombia, sede Bogot\u00e1, conservatorio que dirigi\u00f3 de 2008 a 2010. Su producci\u00f3n cuenta en este momento con m\u00e1s de 100 t\u00edtulos. Muchas de sus obras se han interpretado frecuentemente en concierto, habiendo obtenido m\u00faltiples premios en Europa y Am\u00e9rica. En 2006 estren\u00f3 y dirigi\u00f3 su obra &#8216;Homenajes, suite en 8 movimientos y ep\u00edlogo para 22 pianos&#8217; en la ciudad colombiana de Medell\u00edn con amplia repercusi\u00f3n internacional. En 2017 estren\u00f3 con gran \u00e9xito su primera \u00f3pera &#8216;El \u00faltimo d\u00eda de Francisco Pizarro&#8217;, con libreto del mismo compositor basado en la novela hom\u00f3nima del escritor peruano Alberto E. Massa Murazzi. Con instrumentos tradicionales coreanos ha compuesto: &#8216;Haebangchon Trio&#8217;, para Haegeum, Daegeum y Gayageum; &#8216;Imagined Recollections&#8217;, para Haegeum, Piri-Taepyongso, piano y percusi\u00f3n; y &#8216;A Gimhae Fantasy&#8217;, para un conjunto instrumental de 25 Gayageums y dos percusionistas. &#8216;Tres Instantes en la Memoria&#8217; es su contribuci\u00f3n al repertorio para Tenora, con un concertino para este instrumento tradicional catal\u00e1n y orquesta sinf\u00f3nica. Fue elegido miembro de la Sociedad de Honor Musical Americana Pi Kappa Lambda, en 1994 y, desde 1993, es miembro de la Asociaci\u00f3n Catalana de Compositores.<\/p>\n<p>&nbsp;<\/p>\n<p>El D\u00fao Powers-de la Torre conformado por la pianista estadounidense Lark Powers y el pianista mexicano Ricardo de la Torre se ha presentado en festivales como la serie de Conciertos de Invierno de Estes Park en Colorado, el Festival Internacional de M\u00fasica de Tecla Espa\u00f1ola \u201cDiego Fern\u00e1ndez\u201d en Almer\u00eda; el ciclo El arte del piano en el Palacio de Bellas Artes de la Ciudad de M\u00e9xico y la serie Viernes de Musikeon en Valencia, adem\u00e1s de actuaciones en foros de EE. UU., M\u00e9xico, Francia, Espa\u00f1a y Austria. El d\u00fao ha contado con la asesor\u00eda art\u00edstica de pianistas como Albert Atenelle, David Korevaar y Andrew Cooperstock.<\/p>\n<p>&nbsp;<\/p>\n<p>Estreno virtual: martes 13 de septiembre a las 12:00 hs de Bogot\u00e1<\/p>\n<p><a href=\"https:\/\/www.youtube.com\/riclavier\">https:\/\/www.youtube.com\/riclavier<\/a><\/p>\n<p>&nbsp;<\/p>\n<p>Estreno presencial: mi\u00e9rcoles 14 de septiembre a las 19:30 hs hora del Pac\u00edfico de EE. UU, en el Laguerquist Concert Hall del Mary Baker Rusell Music Center de Pacific Lutheran University en Tacoma, Washington.<\/p>\n","protected":false},"excerpt":{"rendered":"<p>La Canci\u00f3n y Danza n\u00fam. 2, op. 77 del compositor Mois\u00e8s Bertran (Espa\u00f1a-Colombia) fue comisionada en 2022 por el D\u00fao Powers-de la Torre (Estados Unidos-M\u00e9xico) como resultado de un apoyo de Iberm\u00fasicas. Esta es la segunda obra para piano a cuatro manos en el cat\u00e1logo del compositor, precedida por una primera canci\u00f3n y danza, escrita [&hellip;]<\/p>\n","protected":false},"author":1,"featured_media":13214,"comment_status":"closed","ping_status":"closed","sticky":false,"template":"","format":"standard","meta":{"footnotes":""},"categories":[53],"tags":[],"class_list":["post-13213","post","type-post","status-publish","format-standard","has-post-thumbnail","hentry","category-noticias-generales"],"lang":"es","translations":{"es":13213,"pt":13216},"pll_sync_post":[],"post_mailing_queue_ids":[],"_links":{"self":[{"href":"http:\/\/staging.ibermusicas.org\/index.php\/wp-json\/wp\/v2\/posts\/13213","targetHints":{"allow":["GET"]}}],"collection":[{"href":"http:\/\/staging.ibermusicas.org\/index.php\/wp-json\/wp\/v2\/posts"}],"about":[{"href":"http:\/\/staging.ibermusicas.org\/index.php\/wp-json\/wp\/v2\/types\/post"}],"author":[{"embeddable":true,"href":"http:\/\/staging.ibermusicas.org\/index.php\/wp-json\/wp\/v2\/users\/1"}],"replies":[{"embeddable":true,"href":"http:\/\/staging.ibermusicas.org\/index.php\/wp-json\/wp\/v2\/comments?post=13213"}],"version-history":[{"count":1,"href":"http:\/\/staging.ibermusicas.org\/index.php\/wp-json\/wp\/v2\/posts\/13213\/revisions"}],"predecessor-version":[{"id":13215,"href":"http:\/\/staging.ibermusicas.org\/index.php\/wp-json\/wp\/v2\/posts\/13213\/revisions\/13215"}],"wp:featuredmedia":[{"embeddable":true,"href":"http:\/\/staging.ibermusicas.org\/index.php\/wp-json\/wp\/v2\/media\/13214"}],"wp:attachment":[{"href":"http:\/\/staging.ibermusicas.org\/index.php\/wp-json\/wp\/v2\/media?parent=13213"}],"wp:term":[{"taxonomy":"category","embeddable":true,"href":"http:\/\/staging.ibermusicas.org\/index.php\/wp-json\/wp\/v2\/categories?post=13213"},{"taxonomy":"post_tag","embeddable":true,"href":"http:\/\/staging.ibermusicas.org\/index.php\/wp-json\/wp\/v2\/tags?post=13213"}],"curies":[{"name":"wp","href":"https:\/\/api.w.org\/{rel}","templated":true}]}}