{"id":13223,"date":"2022-08-30T21:52:00","date_gmt":"2022-08-30T21:52:00","guid":{"rendered":"http:\/\/staging.ibermusicas.org\/?p=13223"},"modified":"2022-10-03T02:24:47","modified_gmt":"2022-10-03T02:24:47","slug":"el-gran-cantautor-costarricense-adrian-goizueta-llegara-a-uruguay-para-presentarse-en-la-sala-zitarrosa-de-montevideo","status":"publish","type":"post","link":"http:\/\/staging.ibermusicas.org\/index.php\/el-gran-cantautor-costarricense-adrian-goizueta-llegara-a-uruguay-para-presentarse-en-la-sala-zitarrosa-de-montevideo\/","title":{"rendered":"El gran cantautor costarricense Adri\u00e1n Goizueta llegar\u00e1 a Uruguay para presentarse en la sala Zitarrosa de Montevideo"},"content":{"rendered":"<p>Adri\u00e1n Goizueta est\u00e1 considerado como una figura clave en la renovaci\u00f3n de la m\u00fasica latinoamericana contempor\u00e1nea. A trav\u00e9s de su propuesta experimental ha desarrollado un estilo propio, que resulta de un trabajo creativo en el marco de lo que, \u00e9l mismo llama, la m\u00fasica popular elaborada, en la que conjuga diversos g\u00e9neros musicales como el tango, el jazz, el folklore y lo sinf\u00f3nico, desde una concepci\u00f3n original y de profundo contenido. Adri\u00e1n es compositor, arreglista, guitarrista y cantante pero tambi\u00e9n, y con la misma intensidad, maestro de m\u00fasica en la Universidad Nacional y productor de programas culturales de radio y TV.<\/p>\n<p>&nbsp;<\/p>\n<p>Hace m\u00e1s de 30 a\u00f1os form\u00f3 el Grupo Experimental en Costa Rica (un Grupo de c\u00e1mara con formato variado) integrado por los mejores m\u00fasicos del pa\u00eds y probablemente de toda la regi\u00f3n. Con ellos ha realizado una intensa actividad a nivel nacional e internacional. En el a\u00f1o 2020, baja la pandemia, realiz\u00f3 muchos conciertos v\u00eda streaming, particip\u00f3 en grabaciones de discos grupales y trabaj\u00f3 para el concierto en honor a Leo Brouwer.<\/p>\n<p>&nbsp;<\/p>\n<p>En el plano sinf\u00f3nico ha desarrollado a lo largo de su carrera, y en forma constante y paralela a su agrupaci\u00f3n, una intensa actividad compositiva y arreglista con diversas Orquestas Sinf\u00f3nicas de Xalapa (M\u00e9xico) La Orquesta Sinf\u00f3nica Nacional de Costa Rica, la Banda de Cartago, donde ya hace varios a\u00f1os se presenta para conmemorar la firma del Acta de Independencia de Costa Rica.<\/p>\n<p>&nbsp;<\/p>\n<p>\u201cAmanece\u201d una propuesta esc\u00e9nica, sonora y visual integral, acorde a la dimensi\u00f3n de un estreno doble: nuevo disco y nuevo grupo! Hace poco m\u00e1s de seis a\u00f1os, Adri\u00e1n Goizueta refund\u00f3 su legendario Grupo Experimental, con la consigna: \u00abnuevo de nuevo\u00bb, lo cual no signific\u00f3 un regreso a caminos ya recorridos, sino; otro despertar que trae consigo una deslumbrante propuesta y nueva experimentaci\u00f3n, se suman otros instrumentos, destacados m\u00fasicos y un repertorio in\u00e9dito en sonoridad y poes\u00eda, entremezclado con renovadas versiones de algunos de sus temas m\u00e1s conocidos. El Experimental est\u00e1 integrado por: Esteban Rojas, clarinete bajo, Marianela Cordero, violoncello, Eduardo Montero, piano, Fernando V\u00edquez, bajo el\u00e9ctrico y contrabajo, Orlando Ram\u00edrez, bater\u00eda y Marvin Rodr\u00edguez, percusi\u00f3n.<\/p>\n<p>&nbsp;<\/p>\n<p>En su visita a Uruguay participar\u00e1 de las \u201cJornadas de Reflexi\u00f3n sobre Derechos Humanos e Identidad\u201d que llevar\u00e1 a cabo el Centro de Estudios Republicanos en la Biblioteca Nacional de la ciudad de Montevideo.<\/p>\n<p>&nbsp;<\/p>\n<p>&nbsp;<\/p>\n<p>16 de septiembre 21 hs. Sala Zitarrosa, Montevideo, Uruguay<\/p>\n","protected":false},"excerpt":{"rendered":"<p>Adri\u00e1n Goizueta est\u00e1 considerado como una figura clave en la renovaci\u00f3n de la m\u00fasica latinoamericana contempor\u00e1nea. A trav\u00e9s de su propuesta experimental ha desarrollado un estilo propio, que resulta de un trabajo creativo en el marco de lo que, \u00e9l mismo llama, la m\u00fasica popular elaborada, en la que conjuga diversos g\u00e9neros musicales como el [&hellip;]<\/p>\n","protected":false},"author":1,"featured_media":13224,"comment_status":"closed","ping_status":"closed","sticky":false,"template":"","format":"standard","meta":{"footnotes":""},"categories":[53],"tags":[],"class_list":["post-13223","post","type-post","status-publish","format-standard","has-post-thumbnail","hentry","category-noticias-generales"],"lang":"es","translations":{"es":13223,"pt":13226},"pll_sync_post":[],"post_mailing_queue_ids":[],"_links":{"self":[{"href":"http:\/\/staging.ibermusicas.org\/index.php\/wp-json\/wp\/v2\/posts\/13223","targetHints":{"allow":["GET"]}}],"collection":[{"href":"http:\/\/staging.ibermusicas.org\/index.php\/wp-json\/wp\/v2\/posts"}],"about":[{"href":"http:\/\/staging.ibermusicas.org\/index.php\/wp-json\/wp\/v2\/types\/post"}],"author":[{"embeddable":true,"href":"http:\/\/staging.ibermusicas.org\/index.php\/wp-json\/wp\/v2\/users\/1"}],"replies":[{"embeddable":true,"href":"http:\/\/staging.ibermusicas.org\/index.php\/wp-json\/wp\/v2\/comments?post=13223"}],"version-history":[{"count":1,"href":"http:\/\/staging.ibermusicas.org\/index.php\/wp-json\/wp\/v2\/posts\/13223\/revisions"}],"predecessor-version":[{"id":13225,"href":"http:\/\/staging.ibermusicas.org\/index.php\/wp-json\/wp\/v2\/posts\/13223\/revisions\/13225"}],"wp:featuredmedia":[{"embeddable":true,"href":"http:\/\/staging.ibermusicas.org\/index.php\/wp-json\/wp\/v2\/media\/13224"}],"wp:attachment":[{"href":"http:\/\/staging.ibermusicas.org\/index.php\/wp-json\/wp\/v2\/media?parent=13223"}],"wp:term":[{"taxonomy":"category","embeddable":true,"href":"http:\/\/staging.ibermusicas.org\/index.php\/wp-json\/wp\/v2\/categories?post=13223"},{"taxonomy":"post_tag","embeddable":true,"href":"http:\/\/staging.ibermusicas.org\/index.php\/wp-json\/wp\/v2\/tags?post=13223"}],"curies":[{"name":"wp","href":"https:\/\/api.w.org\/{rel}","templated":true}]}}