{"id":13226,"date":"2022-08-30T21:54:27","date_gmt":"2022-08-30T21:54:27","guid":{"rendered":"http:\/\/staging.ibermusicas.org\/?p=13226"},"modified":"2022-10-03T02:31:02","modified_gmt":"2022-10-03T02:31:02","slug":"o-grande-cantor-compositor-costarriquenho-adrian-goizueta-chegara-ao-uruguai-para-se-apresentar-na-sala-zitarrosa-em-montevideu","status":"publish","type":"post","link":"http:\/\/staging.ibermusicas.org\/index.php\/o-grande-cantor-compositor-costarriquenho-adrian-goizueta-chegara-ao-uruguai-para-se-apresentar-na-sala-zitarrosa-em-montevideu\/","title":{"rendered":"O grande cantor-compositor costarriquenho Adri\u00e1n Goizueta chegar\u00e1 ao Uruguai para se apresentar na Sala Zitarrosa, em Montevid\u00e9u"},"content":{"rendered":"<p>Adri\u00e1n Goizueta \u00e9 considerado uma figura chave na renova\u00e7\u00e3o da m\u00fasica latino-americana contempor\u00e2nea. Atrav\u00e9s de sua abordagem experimental, ele desenvolveu seu pr\u00f3prio estilo, que \u00e9 o resultado de um trabalho criativo dentro da estrutura do que ele mesmo chama de m\u00fasica popular elaborada, na qual combina diferentes g\u00eaneros musicais como tango, jazz, folclore e m\u00fasica sinf\u00f4nica, a partir de uma concep\u00e7\u00e3o original com um conte\u00fado profundo. Adri\u00e1n \u00e9 compositor, arranjador, guitarrista e cantor, mas tamb\u00e9m, e com a mesma intensidade, professor de m\u00fasica na Universidade Nacional e produtor de programas culturais para r\u00e1dio e TV.<\/p>\n<p>&nbsp;<\/p>\n<p>H\u00e1 mais de 30 anos ele formou o Grupo Experimental na Costa Rica (um grupo de c\u00e2mara com um formato variado) composto pelos melhores m\u00fasicos do pa\u00eds e provavelmente de toda a regi\u00e3o. Com eles, ele tem sido muito ativo em n\u00edvel nacional e internacional. No ano de 2020, sob a pandemia, ele realizou muitos concertos via streaming, participou de grava\u00e7\u00f5es de grupo e trabalhou para o concerto em homenagem a Leo Brouwer.<\/p>\n<p>&nbsp;<\/p>\n<p>No campo sinf\u00f4nico ele desenvolveu ao longo de sua carreira, e de forma constante e paralela ao seu grupo, uma intensa atividade de composi\u00e7\u00e3o e arranjos com v\u00e1rias Orquestras Sinf\u00f4nicas de Xalapa (M\u00e9xico), a Orquestra Sinf\u00f4nica Nacional da Costa Rica, a Banda de Cartago, onde vem se apresentando h\u00e1 v\u00e1rios anos para comemorar a assinatura do Ato de Independ\u00eancia da Costa Rica.<\/p>\n<p>&nbsp;<\/p>\n<p>\u00abAmanece\u00bb \u00e9 uma proposta integral c\u00eanica, sonora e visual, de acordo com a dimens\u00e3o de uma dupla estr\u00e9ia: novo \u00e1lbum e nova banda! H\u00e1 pouco mais de seis anos, Adri\u00e1n Goizueta refundou seu lend\u00e1rio Grupo Experimental, com o slogan: \u00abnovo de novo\u00bb, que n\u00e3o significava um retorno a caminhos j\u00e1 percorridos, mas sim; outro despertar que traz consigo uma proposta deslumbrante e novas experimenta\u00e7\u00f5es, outros instrumentos, m\u00fasicos de destaque e um repert\u00f3rio in\u00e9dito em sonoridade e poesia, entremeado por vers\u00f5es renovadas de alguns de seus temas mais conhecidos. A Experimental \u00e9 composta por: Esteban Rojas, clarinete baixo, Marianela Cordero, violoncelo, Eduardo Montero, piano, Fernando V\u00edquez, baixo el\u00e9trico e contrabaixo, Orlando Ram\u00edrez, bateria e Marvin Rodr\u00edguez, percuss\u00e3o.<\/p>\n<p>&nbsp;<\/p>\n<p>Durante sua visita ao Uruguai, ele participar\u00e1 das \u00abJornadas de Reflex\u00e3o sobre Direitos Humanos e Identidade\u00bb a serem realizadas pelo Centro de Estudios Republicanos na Biblioteca Nacional da cidade de Montevid\u00e9u.<\/p>\n<p>&nbsp;<\/p>\n<p>16 de setembro 9 p.m. Zitarrosa Hall, Montevid\u00e9u, Uruguai<\/p>\n","protected":false},"excerpt":{"rendered":"<p>Adri\u00e1n Goizueta \u00e9 considerado uma figura chave na renova\u00e7\u00e3o da m\u00fasica latino-americana contempor\u00e2nea. Atrav\u00e9s de sua abordagem experimental, ele desenvolveu seu pr\u00f3prio estilo, que \u00e9 o resultado de um trabalho criativo dentro da estrutura do que ele mesmo chama de m\u00fasica popular elaborada, na qual combina diferentes g\u00eaneros musicais como tango, jazz, folclore e m\u00fasica [&hellip;]<\/p>\n","protected":false},"author":1,"featured_media":13224,"comment_status":"closed","ping_status":"closed","sticky":false,"template":"","format":"standard","meta":{"footnotes":""},"categories":[218],"tags":[],"class_list":["post-13226","post","type-post","status-publish","format-standard","has-post-thumbnail","hentry","category-noticias-generales-pt"],"lang":"pt","translations":{"pt":13226,"es":13223},"pll_sync_post":[],"post_mailing_queue_ids":[],"_links":{"self":[{"href":"http:\/\/staging.ibermusicas.org\/index.php\/wp-json\/wp\/v2\/posts\/13226","targetHints":{"allow":["GET"]}}],"collection":[{"href":"http:\/\/staging.ibermusicas.org\/index.php\/wp-json\/wp\/v2\/posts"}],"about":[{"href":"http:\/\/staging.ibermusicas.org\/index.php\/wp-json\/wp\/v2\/types\/post"}],"author":[{"embeddable":true,"href":"http:\/\/staging.ibermusicas.org\/index.php\/wp-json\/wp\/v2\/users\/1"}],"replies":[{"embeddable":true,"href":"http:\/\/staging.ibermusicas.org\/index.php\/wp-json\/wp\/v2\/comments?post=13226"}],"version-history":[{"count":1,"href":"http:\/\/staging.ibermusicas.org\/index.php\/wp-json\/wp\/v2\/posts\/13226\/revisions"}],"predecessor-version":[{"id":13227,"href":"http:\/\/staging.ibermusicas.org\/index.php\/wp-json\/wp\/v2\/posts\/13226\/revisions\/13227"}],"wp:featuredmedia":[{"embeddable":true,"href":"http:\/\/staging.ibermusicas.org\/index.php\/wp-json\/wp\/v2\/media\/13224"}],"wp:attachment":[{"href":"http:\/\/staging.ibermusicas.org\/index.php\/wp-json\/wp\/v2\/media?parent=13226"}],"wp:term":[{"taxonomy":"category","embeddable":true,"href":"http:\/\/staging.ibermusicas.org\/index.php\/wp-json\/wp\/v2\/categories?post=13226"},{"taxonomy":"post_tag","embeddable":true,"href":"http:\/\/staging.ibermusicas.org\/index.php\/wp-json\/wp\/v2\/tags?post=13226"}],"curies":[{"name":"wp","href":"https:\/\/api.w.org\/{rel}","templated":true}]}}