{"id":13245,"date":"2022-09-05T19:27:52","date_gmt":"2022-09-05T19:27:52","guid":{"rendered":"http:\/\/staging.ibermusicas.org\/?p=13245"},"modified":"2022-10-03T02:24:41","modified_gmt":"2022-10-03T02:24:41","slug":"en-xalapa-mexico-comienza-la-festa-antiqua","status":"publish","type":"post","link":"http:\/\/staging.ibermusicas.org\/index.php\/en-xalapa-mexico-comienza-la-festa-antiqua\/","title":{"rendered":"En Xalapa, M\u00e9xico tuvo lugar \u00abLa Festa Antiqua"},"content":{"rendered":"<p>El Festival de M\u00fasica Antigua \u00abLa Festa Antiqua\u00bb Xalapa es un evento cuyo objetivo principal es promover, difundir y divulgar la m\u00fasica medieval, renacentista y barroca en M\u00e9xico, principalmente en el estado de Veracruz. \u00abLa Festa Antiqua\u00bb fue una iniciativa del Ensamble de M\u00fasica Antigua Coraz\u00f3n con Manos en el 2015 para crear un punto de encuentro de grupos de m\u00fasica antigua en el sur sureste del pa\u00eds.<\/p>\n<p>&nbsp;<\/p>\n<p>Hubo seis 6 conciertos virtuales a cargo de Labor Intus de Argentina, In Pro Ibis de Argentina, Olam Ein Sof de Brasil, el D\u00fao Encontrarte desde Chile, Ars Juglaris de Venezuela y el Ensamble de M\u00fasica Antigua Coraz\u00f3n con Manos de M\u00e9xico; adem\u00e1s de dos conferencias a cargo del Percusionista Octavio Beltr\u00e1n desde Espa\u00f1a y el compositor Rub\u00e9n Calderoni de M\u00e9xico creando y fortaleciendo el movimiento de m\u00fasica antigua en Latinoam\u00e9rica.<\/p>\n<p>&nbsp;<\/p>\n<p>El g\u00e9nero musical denominado como M\u00fasica Antigua es el que abarca la m\u00fasica medieval, renacentista y barroca.\u00a0 La m\u00fasica antigua es un g\u00e9nero relativamente nuevo ya que se empez\u00f3 a interpretar a mediados de siglo XX en varias orquestas europeas, esta \u00abmoda\u00bb lleg\u00f3 a Am\u00e9rica muy r\u00e1pido y poco a poco se fue popularizando dentro de los c\u00edrculos de m\u00fasicos de orquesta de todo el mundo. En M\u00e9xico existe un movimiento grande de m\u00fasica antigua sobre todo de interpretaciones barrocas.<\/p>\n<p>&nbsp;<\/p>\n<p>Del 1\u00ba al 11 de septiembre en diferentes escenarios de Veracruz, M\u00e9xico<\/p>\n","protected":false},"excerpt":{"rendered":"<p>El Festival de M\u00fasica Antigua \u00abLa Festa Antiqua\u00bb Xalapa es un evento cuyo objetivo principal es promover, difundir y divulgar la m\u00fasica medieval, renacentista y barroca en M\u00e9xico, principalmente en el estado de Veracruz. \u00abLa Festa Antiqua\u00bb fue una iniciativa del Ensamble de M\u00fasica Antigua Coraz\u00f3n con Manos en el 2015 para crear un punto [&hellip;]<\/p>\n","protected":false},"author":1,"featured_media":13246,"comment_status":"closed","ping_status":"closed","sticky":false,"template":"","format":"standard","meta":{"footnotes":""},"categories":[53],"tags":[],"class_list":["post-13245","post","type-post","status-publish","format-standard","has-post-thumbnail","hentry","category-noticias-generales"],"lang":"es","translations":{"es":13245,"pt":13248},"pll_sync_post":[],"post_mailing_queue_ids":[],"_links":{"self":[{"href":"http:\/\/staging.ibermusicas.org\/index.php\/wp-json\/wp\/v2\/posts\/13245","targetHints":{"allow":["GET"]}}],"collection":[{"href":"http:\/\/staging.ibermusicas.org\/index.php\/wp-json\/wp\/v2\/posts"}],"about":[{"href":"http:\/\/staging.ibermusicas.org\/index.php\/wp-json\/wp\/v2\/types\/post"}],"author":[{"embeddable":true,"href":"http:\/\/staging.ibermusicas.org\/index.php\/wp-json\/wp\/v2\/users\/1"}],"replies":[{"embeddable":true,"href":"http:\/\/staging.ibermusicas.org\/index.php\/wp-json\/wp\/v2\/comments?post=13245"}],"version-history":[{"count":2,"href":"http:\/\/staging.ibermusicas.org\/index.php\/wp-json\/wp\/v2\/posts\/13245\/revisions"}],"predecessor-version":[{"id":13389,"href":"http:\/\/staging.ibermusicas.org\/index.php\/wp-json\/wp\/v2\/posts\/13245\/revisions\/13389"}],"wp:featuredmedia":[{"embeddable":true,"href":"http:\/\/staging.ibermusicas.org\/index.php\/wp-json\/wp\/v2\/media\/13246"}],"wp:attachment":[{"href":"http:\/\/staging.ibermusicas.org\/index.php\/wp-json\/wp\/v2\/media?parent=13245"}],"wp:term":[{"taxonomy":"category","embeddable":true,"href":"http:\/\/staging.ibermusicas.org\/index.php\/wp-json\/wp\/v2\/categories?post=13245"},{"taxonomy":"post_tag","embeddable":true,"href":"http:\/\/staging.ibermusicas.org\/index.php\/wp-json\/wp\/v2\/tags?post=13245"}],"curies":[{"name":"wp","href":"https:\/\/api.w.org\/{rel}","templated":true}]}}