{"id":13248,"date":"2022-09-05T20:04:41","date_gmt":"2022-09-05T20:04:41","guid":{"rendered":"http:\/\/staging.ibermusicas.org\/?p=13248"},"modified":"2022-10-03T02:30:56","modified_gmt":"2022-10-03T02:30:56","slug":"em-xalapa-mexico-comeca-la-festa-antiqua","status":"publish","type":"post","link":"http:\/\/staging.ibermusicas.org\/index.php\/em-xalapa-mexico-comeca-la-festa-antiqua\/","title":{"rendered":"Em Xalapa, M\u00e9xico, realizou-se \u00abLa Festa Antiqua\u00bb"},"content":{"rendered":"<p>O Festival de M\u00fasica Antiga \u00abLa Festa Antiqua\u00bb Xalapa \u00e9 um evento cujo objetivo principal \u00e9 promover e difundir a m\u00fasica medieval, renascentista e barroca no M\u00e9xico, principalmente no estado de Veracruz. \u00abLa Festa Antiqua\u00bb foi uma iniciativa da Ensamble de M\u00fasica Antigua Coraz\u00f3n con Manos em 2015 para criar um ponto de encontro para os primeiros grupos musicais do sudeste do pa\u00eds.<\/p>\n<p>&nbsp;<\/p>\n<p>Houve cinco concertos virtuais de Labor Intus da Argentina, In Pro Ibis da Argentina, Olam Ein Sof do Brasil, D\u00fao Encontrarte do Chile, Ars Juglaris da Venezuela e o Ensemble de M\u00fasica Antiga\u00a0 Coraz\u00f3n con Manos do M\u00e9xico; assim como duas confer\u00eancias do percussionista Octavio Beltr\u00e1n da Espanha e do compositor Rub\u00e9n Calderoni do M\u00e9xico criando e fortalecendo o movimento musical antigo na Am\u00e9rica Latina.<\/p>\n<p>&nbsp;<\/p>\n<p>O g\u00eanero musical conhecido como M\u00fasica Antiga \u00e9 aquele que engloba m\u00fasica medieval, renascentista e barroca.\u00a0 A m\u00fasica antiga \u00e9 um g\u00eanero relativamente novo desde que come\u00e7ou a ser executada em meados do s\u00e9culo 20 em v\u00e1rias orquestras europ\u00e9ias, esta \u00abmoda\u00bb chegou \u00e0 Am\u00e9rica muito rapidamente e pouco a pouco tornou-se popular dentro dos c\u00edrculos de m\u00fasicos de orquestra em todo o mundo. No M\u00e9xico h\u00e1 um grande movimento musical, especialmente em apresenta\u00e7\u00f5es barrocas.<\/p>\n<p><strong>\u00a0<\/strong><\/p>\n<p>Do 1\u00ba a 11 de setembro em diferentes f\u00f3runs no Estado de Veracruz, M\u00e9xico<\/p>\n","protected":false},"excerpt":{"rendered":"<p>O Festival de M\u00fasica Antiga \u00abLa Festa Antiqua\u00bb Xalapa \u00e9 um evento cujo objetivo principal \u00e9 promover e difundir a m\u00fasica medieval, renascentista e barroca no M\u00e9xico, principalmente no estado de Veracruz. \u00abLa Festa Antiqua\u00bb foi uma iniciativa da Ensamble de M\u00fasica Antigua Coraz\u00f3n con Manos em 2015 para criar um ponto de encontro para [&hellip;]<\/p>\n","protected":false},"author":1,"featured_media":13246,"comment_status":"closed","ping_status":"closed","sticky":false,"template":"","format":"standard","meta":{"footnotes":""},"categories":[218],"tags":[],"class_list":["post-13248","post","type-post","status-publish","format-standard","has-post-thumbnail","hentry","category-noticias-generales-pt"],"lang":"pt","translations":{"pt":13248,"es":13245},"pll_sync_post":[],"post_mailing_queue_ids":[],"_links":{"self":[{"href":"http:\/\/staging.ibermusicas.org\/index.php\/wp-json\/wp\/v2\/posts\/13248","targetHints":{"allow":["GET"]}}],"collection":[{"href":"http:\/\/staging.ibermusicas.org\/index.php\/wp-json\/wp\/v2\/posts"}],"about":[{"href":"http:\/\/staging.ibermusicas.org\/index.php\/wp-json\/wp\/v2\/types\/post"}],"author":[{"embeddable":true,"href":"http:\/\/staging.ibermusicas.org\/index.php\/wp-json\/wp\/v2\/users\/1"}],"replies":[{"embeddable":true,"href":"http:\/\/staging.ibermusicas.org\/index.php\/wp-json\/wp\/v2\/comments?post=13248"}],"version-history":[{"count":4,"href":"http:\/\/staging.ibermusicas.org\/index.php\/wp-json\/wp\/v2\/posts\/13248\/revisions"}],"predecessor-version":[{"id":13391,"href":"http:\/\/staging.ibermusicas.org\/index.php\/wp-json\/wp\/v2\/posts\/13248\/revisions\/13391"}],"wp:featuredmedia":[{"embeddable":true,"href":"http:\/\/staging.ibermusicas.org\/index.php\/wp-json\/wp\/v2\/media\/13246"}],"wp:attachment":[{"href":"http:\/\/staging.ibermusicas.org\/index.php\/wp-json\/wp\/v2\/media?parent=13248"}],"wp:term":[{"taxonomy":"category","embeddable":true,"href":"http:\/\/staging.ibermusicas.org\/index.php\/wp-json\/wp\/v2\/categories?post=13248"},{"taxonomy":"post_tag","embeddable":true,"href":"http:\/\/staging.ibermusicas.org\/index.php\/wp-json\/wp\/v2\/tags?post=13248"}],"curies":[{"name":"wp","href":"https:\/\/api.w.org\/{rel}","templated":true}]}}