{"id":13249,"date":"2022-09-05T19:48:04","date_gmt":"2022-09-05T19:48:04","guid":{"rendered":"http:\/\/staging.ibermusicas.org\/?p=13249"},"modified":"2022-10-03T02:24:35","modified_gmt":"2022-10-03T02:24:35","slug":"desde-el-cauca-colombia-nos-llega-la-propuesta-de-aires-de-dominguillo","status":"publish","type":"post","link":"http:\/\/staging.ibermusicas.org\/index.php\/desde-el-cauca-colombia-nos-llega-la-propuesta-de-aires-de-dominguillo\/","title":{"rendered":"Desde El Cauca, Colombia, nos llega la propuesta de Aires de Dominguillo"},"content":{"rendered":"<p>Aires de Dominguillo interpreta desde hace dos d\u00e9cadas m\u00fasica tradicional de Violines Caucanos del suroccidente de Colombia. La propuesta Saberes Musicales de Aires de Dominguillo tiene como objetivo realizar la grabaci\u00f3n del primer \u00e1lbum musical con temas de autor\u00eda propia y temas de la tradici\u00f3n oral. Los textos del \u00e1lbum son obra de la investigadora colombiana Paloma Palau, radicada en Brasil y vinculada al grupo de investigaci\u00f3n de la Universidade Federal do Rio Grande do Sul. Palau realiz\u00f3 su tesis doctoral sobre los saberes musicales afrocolombianos y tuvo como principales interlocutores a los integrantes de Aires de Dominguillo. Palau viene publicando sobre el tema desde el a\u00f1o 2007 con una monograf\u00eda, y posteriormente, con art\u00edculos en revistas acad\u00e9micas y cap\u00edtulos de libros.<\/p>\n<p>El grupo Aires de Dominguillo est\u00e1 conformado por miembros de tres generaciones de la familia Lasso Caracas junto a otros compa\u00f1eros m\u00fasicos. Ha tenido grandes logros con su participaci\u00f3n en distintos festivales de m\u00fasica y en las fiestas religiosas tradicionales realizadas en toda la regi\u00f3n del norte del Cauca. El trabajo de grabaci\u00f3n da cuenta de temas de la tradici\u00f3n oral salvaguardados en las voces cantoras del grupo, as\u00ed como de las nuevas creaciones en ritmos locales de fugas o jugas, pasillos y bambucos realizados por los integrantes del grupo.<\/p>\n","protected":false},"excerpt":{"rendered":"<p>Aires de Dominguillo interpreta desde hace dos d\u00e9cadas m\u00fasica tradicional de Violines Caucanos del suroccidente de Colombia. La propuesta Saberes Musicales de Aires de Dominguillo tiene como objetivo realizar la grabaci\u00f3n del primer \u00e1lbum musical con temas de autor\u00eda propia y temas de la tradici\u00f3n oral. Los textos del \u00e1lbum son obra de la investigadora [&hellip;]<\/p>\n","protected":false},"author":1,"featured_media":13250,"comment_status":"closed","ping_status":"closed","sticky":false,"template":"","format":"standard","meta":{"footnotes":""},"categories":[53],"tags":[],"class_list":["post-13249","post","type-post","status-publish","format-standard","has-post-thumbnail","hentry","category-noticias-generales"],"lang":"es","translations":{"es":13249,"pt":13252},"pll_sync_post":[],"post_mailing_queue_ids":[],"_links":{"self":[{"href":"http:\/\/staging.ibermusicas.org\/index.php\/wp-json\/wp\/v2\/posts\/13249","targetHints":{"allow":["GET"]}}],"collection":[{"href":"http:\/\/staging.ibermusicas.org\/index.php\/wp-json\/wp\/v2\/posts"}],"about":[{"href":"http:\/\/staging.ibermusicas.org\/index.php\/wp-json\/wp\/v2\/types\/post"}],"author":[{"embeddable":true,"href":"http:\/\/staging.ibermusicas.org\/index.php\/wp-json\/wp\/v2\/users\/1"}],"replies":[{"embeddable":true,"href":"http:\/\/staging.ibermusicas.org\/index.php\/wp-json\/wp\/v2\/comments?post=13249"}],"version-history":[{"count":1,"href":"http:\/\/staging.ibermusicas.org\/index.php\/wp-json\/wp\/v2\/posts\/13249\/revisions"}],"predecessor-version":[{"id":13251,"href":"http:\/\/staging.ibermusicas.org\/index.php\/wp-json\/wp\/v2\/posts\/13249\/revisions\/13251"}],"wp:featuredmedia":[{"embeddable":true,"href":"http:\/\/staging.ibermusicas.org\/index.php\/wp-json\/wp\/v2\/media\/13250"}],"wp:attachment":[{"href":"http:\/\/staging.ibermusicas.org\/index.php\/wp-json\/wp\/v2\/media?parent=13249"}],"wp:term":[{"taxonomy":"category","embeddable":true,"href":"http:\/\/staging.ibermusicas.org\/index.php\/wp-json\/wp\/v2\/categories?post=13249"},{"taxonomy":"post_tag","embeddable":true,"href":"http:\/\/staging.ibermusicas.org\/index.php\/wp-json\/wp\/v2\/tags?post=13249"}],"curies":[{"name":"wp","href":"https:\/\/api.w.org\/{rel}","templated":true}]}}