{"id":13312,"date":"2022-09-14T20:14:29","date_gmt":"2022-09-14T20:14:29","guid":{"rendered":"http:\/\/staging.ibermusicas.org\/?p=13312"},"modified":"2022-10-03T02:24:03","modified_gmt":"2022-10-03T02:24:03","slug":"se-estrena-lim-a-obra-de-la-compositora-ecuatoriana-ana-gonzalez-gamboa-ganadora-del-premio-de-composicion-y-estreno-de-obra-ibermusicas-2021","status":"publish","type":"post","link":"http:\/\/staging.ibermusicas.org\/index.php\/se-estrena-lim-a-obra-de-la-compositora-ecuatoriana-ana-gonzalez-gamboa-ganadora-del-premio-de-composicion-y-estreno-de-obra-ibermusicas-2021\/","title":{"rendered":"Se estrena LIM-A, obra de la compositora ecuatoriana Ana Gonz\u00e1lez Gamboa ganadora del Premio de Composici\u00f3n y Estreno de Obra Iberm\u00fasicas 2021"},"content":{"rendered":"<p>La compositora ecuatoriana Ana Gonz\u00e1lez Gamboa y el grupo peruano NAZD\u00daO, conformado por Silvia Valdivia y Jorge Puma, realizar\u00e1n a trav\u00e9s de la plataforma youtube, el estreno de la obra ganadora del Premio iberm\u00fasicas de composici\u00f3n y estreno de obra 2021 LIM-A, obra mixta para saxo, piano intervenido y electr\u00f3nica fija.<\/p>\n<p>&nbsp;<\/p>\n<p>Ana Gonz\u00e1lez Gamboa, compositora y violonchelista ecuatoriana residente en Buenos Aires desde 2010, ha cursado estudios con Marcelo Bru (violoncello), Graciela Tarchini (an\u00e1lisis, teor\u00eda musical y composici\u00f3n) y realiz\u00f3 sus estudios de pregrado en La Universidad Nacional de Quilmes con \u00e9nfasis en la Composici\u00f3n con Medios Electroac\u00fasticos. Sus composiciones han sido seleccionadas e interpretadas en Ecuador, Colombia, M\u00e9xico, Per\u00fa, Chile y Argentina.<\/p>\n<p>&nbsp;<\/p>\n<p>Nazd\u00fao es un conjunto de c\u00e1mara que propone una exploraci\u00f3n musical particular. Su repertorio aborda obras originales y transcripciones y tiene como uno de sus objetivos centrales la interpretaci\u00f3n de m\u00fasica de c\u00e1mara creada por compositores peruanos y latinoamericanos. Desde su primera aparici\u00f3n en el a\u00f1o 2011, el d\u00fao conformado por Silvia Valdivia y Jorge Puma ha mostrado su preocupaci\u00f3n por defender los diferentes lenguajes y estilos que ha abordado, recibiendo clases de m\u00fasica de c\u00e1mara y participando en diferentes recitales, teniendo siempre en el piano y el saxof\u00f3n a las herramientas perfectas para mostrar su \u00f3ptica musical.<\/p>\n<p>&nbsp;<\/p>\n<p>&nbsp;<\/p>\n<p>20 de septiembre a las 20 hs (horario de Ecuador) en:<br \/>\n<a href=\"https:\/\/www.youtube.com\/channel\/UCVH0YOaOGP2uVn5VMYfk4vA\">https:\/\/www.youtube.com\/channel\/UCVH0YOaOGP2uVn5VMYfk4vA<\/a><\/p>\n","protected":false},"excerpt":{"rendered":"<p>La compositora ecuatoriana Ana Gonz\u00e1lez Gamboa y el grupo peruano NAZD\u00daO, conformado por Silvia Valdivia y Jorge Puma, realizar\u00e1n a trav\u00e9s de la plataforma youtube, el estreno de la obra ganadora del Premio iberm\u00fasicas de composici\u00f3n y estreno de obra 2021 LIM-A, obra mixta para saxo, piano intervenido y electr\u00f3nica fija. &nbsp; Ana Gonz\u00e1lez Gamboa, [&hellip;]<\/p>\n","protected":false},"author":1,"featured_media":13313,"comment_status":"closed","ping_status":"closed","sticky":false,"template":"","format":"standard","meta":{"footnotes":""},"categories":[53],"tags":[],"class_list":["post-13312","post","type-post","status-publish","format-standard","has-post-thumbnail","hentry","category-noticias-generales"],"lang":"es","translations":{"es":13312,"pt":13315},"pll_sync_post":[],"post_mailing_queue_ids":[],"_links":{"self":[{"href":"http:\/\/staging.ibermusicas.org\/index.php\/wp-json\/wp\/v2\/posts\/13312","targetHints":{"allow":["GET"]}}],"collection":[{"href":"http:\/\/staging.ibermusicas.org\/index.php\/wp-json\/wp\/v2\/posts"}],"about":[{"href":"http:\/\/staging.ibermusicas.org\/index.php\/wp-json\/wp\/v2\/types\/post"}],"author":[{"embeddable":true,"href":"http:\/\/staging.ibermusicas.org\/index.php\/wp-json\/wp\/v2\/users\/1"}],"replies":[{"embeddable":true,"href":"http:\/\/staging.ibermusicas.org\/index.php\/wp-json\/wp\/v2\/comments?post=13312"}],"version-history":[{"count":1,"href":"http:\/\/staging.ibermusicas.org\/index.php\/wp-json\/wp\/v2\/posts\/13312\/revisions"}],"predecessor-version":[{"id":13314,"href":"http:\/\/staging.ibermusicas.org\/index.php\/wp-json\/wp\/v2\/posts\/13312\/revisions\/13314"}],"wp:featuredmedia":[{"embeddable":true,"href":"http:\/\/staging.ibermusicas.org\/index.php\/wp-json\/wp\/v2\/media\/13313"}],"wp:attachment":[{"href":"http:\/\/staging.ibermusicas.org\/index.php\/wp-json\/wp\/v2\/media?parent=13312"}],"wp:term":[{"taxonomy":"category","embeddable":true,"href":"http:\/\/staging.ibermusicas.org\/index.php\/wp-json\/wp\/v2\/categories?post=13312"},{"taxonomy":"post_tag","embeddable":true,"href":"http:\/\/staging.ibermusicas.org\/index.php\/wp-json\/wp\/v2\/tags?post=13312"}],"curies":[{"name":"wp","href":"https:\/\/api.w.org\/{rel}","templated":true}]}}