{"id":13315,"date":"2022-09-14T20:15:47","date_gmt":"2022-09-14T20:15:47","guid":{"rendered":"http:\/\/staging.ibermusicas.org\/?p=13315"},"modified":"2022-10-03T02:30:28","modified_gmt":"2022-10-03T02:30:28","slug":"estreia-lim-a-obra-da-compositora-equatoriana-ana-gonzalez-gamboa-vencedora-do-premio-de-composicao-e-estreia-de-obra-ibermusicas-2021","status":"publish","type":"post","link":"http:\/\/staging.ibermusicas.org\/index.php\/estreia-lim-a-obra-da-compositora-equatoriana-ana-gonzalez-gamboa-vencedora-do-premio-de-composicao-e-estreia-de-obra-ibermusicas-2021\/","title":{"rendered":"Estreia LIM-A, obra da compositora equatoriana Ana Gonz\u00e1lez Gamboa, vencedora do Pr\u00eamio de Composi\u00e7\u00e3o e Estreia de Obra Iberm\u00fasicas 2021"},"content":{"rendered":"<p>A compositora equatoriana Ana Gonz\u00e1lez Gamboa e o grupo peruano NAZD\u00daO, formado por Silvia Valdivia e Jorge Puma, vai realizar atrav\u00e9s da plataforma youtube, a estreia da obra vencedora do Pr\u00eamio Iberm\u00fasicas de composi\u00e7\u00e3o e estreia de obra 2021 LIM-A, obra mista para saxofone, piano intervencionado e eletr\u00f3nica fixa.<\/p>\n<p>Ana Gonz\u00e1lez Gamboa, compositora e violoncelista equatoriana radicada em Buenos Aires desde 2010, estudou com Marcelo Bru (violoncelo), Graciela Tarchini (an\u00e1lise, teoria musical e composi\u00e7\u00e3o) e fez sua gradua\u00e7\u00e3o na Universidade Nacional de Quilmes com \u00eanfase em Composi\u00e7\u00e3o com M\u00eddia Eletroac\u00fastica. Suas composi\u00e7\u00f5es foram selecionadas e apresentadas no Equador, Col\u00f4mbia, M\u00e9xico, Peru, Chile e Argentina.<\/p>\n<p>Nazd\u00fao \u00e9 um grupo de c\u00e2mara que prop\u00f5e uma explora\u00e7\u00e3o musical particular. Seu repert\u00f3rio trata de obras originais e transcri\u00e7\u00f5es e tem como um de seus objetivos centrais a interpreta\u00e7\u00e3o de m\u00fasica de c\u00e2mara criada por compositores peruanos e latino-americanos. Desde sua primeira apari\u00e7\u00e3o em 2011, a dupla formada por Silvia Valdivia e Jorge Puma tem mostrado sua preocupa\u00e7\u00e3o em defender as diferentes linguagens e estilos que t\u00eam abordado, recebendo aulas de m\u00fasica de c\u00e2mara e participando de diversos recitais, sempre tendo ao piano e do saxofone \u00e0s ferramentas perfeitas para mostrar sua vis\u00e3o musical.<\/p>\n<p>20 de setembro \u00e0s 20h00 (hor\u00e1rio Ecuador) em <a href=\"https:\/\/www.youtube.com\/channel\/UCVH0YOaOGP2uVn5VMYfk4vA\">https:\/\/www.youtube.com\/channel\/UCVH0YOaOGP2uVn5VMYfk4vA<\/a><\/p>\n","protected":false},"excerpt":{"rendered":"<p>A compositora equatoriana Ana Gonz\u00e1lez Gamboa e o grupo peruano NAZD\u00daO, formado por Silvia Valdivia e Jorge Puma, vai realizar atrav\u00e9s da plataforma youtube, a estreia da obra vencedora do Pr\u00eamio Iberm\u00fasicas de composi\u00e7\u00e3o e estreia de obra 2021 LIM-A, obra mista para saxofone, piano intervencionado e eletr\u00f3nica fixa. Ana Gonz\u00e1lez Gamboa, compositora e violoncelista [&hellip;]<\/p>\n","protected":false},"author":1,"featured_media":13313,"comment_status":"closed","ping_status":"closed","sticky":false,"template":"","format":"standard","meta":{"footnotes":""},"categories":[218],"tags":[],"class_list":["post-13315","post","type-post","status-publish","format-standard","has-post-thumbnail","hentry","category-noticias-generales-pt"],"lang":"pt","translations":{"pt":13315,"es":13312},"pll_sync_post":[],"post_mailing_queue_ids":[],"_links":{"self":[{"href":"http:\/\/staging.ibermusicas.org\/index.php\/wp-json\/wp\/v2\/posts\/13315","targetHints":{"allow":["GET"]}}],"collection":[{"href":"http:\/\/staging.ibermusicas.org\/index.php\/wp-json\/wp\/v2\/posts"}],"about":[{"href":"http:\/\/staging.ibermusicas.org\/index.php\/wp-json\/wp\/v2\/types\/post"}],"author":[{"embeddable":true,"href":"http:\/\/staging.ibermusicas.org\/index.php\/wp-json\/wp\/v2\/users\/1"}],"replies":[{"embeddable":true,"href":"http:\/\/staging.ibermusicas.org\/index.php\/wp-json\/wp\/v2\/comments?post=13315"}],"version-history":[{"count":1,"href":"http:\/\/staging.ibermusicas.org\/index.php\/wp-json\/wp\/v2\/posts\/13315\/revisions"}],"predecessor-version":[{"id":13316,"href":"http:\/\/staging.ibermusicas.org\/index.php\/wp-json\/wp\/v2\/posts\/13315\/revisions\/13316"}],"wp:featuredmedia":[{"embeddable":true,"href":"http:\/\/staging.ibermusicas.org\/index.php\/wp-json\/wp\/v2\/media\/13313"}],"wp:attachment":[{"href":"http:\/\/staging.ibermusicas.org\/index.php\/wp-json\/wp\/v2\/media?parent=13315"}],"wp:term":[{"taxonomy":"category","embeddable":true,"href":"http:\/\/staging.ibermusicas.org\/index.php\/wp-json\/wp\/v2\/categories?post=13315"},{"taxonomy":"post_tag","embeddable":true,"href":"http:\/\/staging.ibermusicas.org\/index.php\/wp-json\/wp\/v2\/tags?post=13315"}],"curies":[{"name":"wp","href":"https:\/\/api.w.org\/{rel}","templated":true}]}}