{"id":13317,"date":"2022-09-14T21:29:51","date_gmt":"2022-09-14T21:29:51","guid":{"rendered":"http:\/\/staging.ibermusicas.org\/?p=13317"},"modified":"2022-10-03T02:23:50","modified_gmt":"2022-10-03T02:23:50","slug":"el-festival-musica-ocupa-de-ecuador-anuncia-su-programacion-2022","status":"publish","type":"post","link":"http:\/\/staging.ibermusicas.org\/index.php\/el-festival-musica-ocupa-de-ecuador-anuncia-su-programacion-2022\/","title":{"rendered":"El Festival M\u00fasica Ocupa de Ecuador anuncia su Programaci\u00f3n 2022"},"content":{"rendered":"<p>M\u00fasicaOcupa es un festival anual de m\u00fasica cl\u00e1sica organizado por InConcerto desde el a\u00f1o 2017. A trav\u00e9s del encuentro de instrumentistas provenientes de distintos pa\u00edses, artistas locales, y p\u00fablicos diversos, el festival saca la m\u00fasica cl\u00e1sica de sus espacios tradicionales -salas de conciertos y teatros- y la lleva a recorrer la ciudad.<\/p>\n<p>&nbsp;<\/p>\n<p>La sexta edici\u00f3n de M\u00fasicaOcupa ofrecer\u00e1 un mes de acceso libre a conciertos, intervenciones musicales espont\u00e1neas, conversatorios y otros puntos de encuentro para variedad de p\u00fablicos. El festival regresar\u00e1 de forma presencial a espacios inusuales para ocuparlos con m\u00fasica cl\u00e1sica. Este a\u00f1o, el festival ocupar\u00e1 hospitales, mercados, plazas, sitios patrimoniales y lugares urbanos ubicados a lo largo de la ciudad, de norte a sur.<\/p>\n<p>&nbsp;<\/p>\n<p>Cada a\u00f1o, M\u00fasicaOcupa re\u00fane a instrumentistas ecuatorianos e internacionales para formar un grupo de m\u00fasicos residentes que acompa\u00f1an las acciones del festival junto a Ensamble InConcerto, el\u00a0 tr\u00edo permanente compuesto por Sim\u00f3n Gangotena, Mario Mart\u00ednez y Boris Pe\u00f1a. En esta ocasi\u00f3n el grupo de m\u00fasicos residentes cuenta con las violinistas Novil\u00e9 Maceinait\u00e9 (Lituania) y Gabriela Cobo (Ecuador).<\/p>\n<p>&nbsp;<\/p>\n<p>Del 19 de agosto al 21 de septiembre<\/p>\n","protected":false},"excerpt":{"rendered":"<p>M\u00fasicaOcupa es un festival anual de m\u00fasica cl\u00e1sica organizado por InConcerto desde el a\u00f1o 2017. A trav\u00e9s del encuentro de instrumentistas provenientes de distintos pa\u00edses, artistas locales, y p\u00fablicos diversos, el festival saca la m\u00fasica cl\u00e1sica de sus espacios tradicionales -salas de conciertos y teatros- y la lleva a recorrer la ciudad. &nbsp; La sexta [&hellip;]<\/p>\n","protected":false},"author":1,"featured_media":13318,"comment_status":"closed","ping_status":"closed","sticky":false,"template":"","format":"standard","meta":{"footnotes":""},"categories":[53],"tags":[],"class_list":["post-13317","post","type-post","status-publish","format-standard","has-post-thumbnail","hentry","category-noticias-generales"],"lang":"es","translations":{"es":13317,"pt":13320},"pll_sync_post":[],"post_mailing_queue_ids":[],"_links":{"self":[{"href":"http:\/\/staging.ibermusicas.org\/index.php\/wp-json\/wp\/v2\/posts\/13317","targetHints":{"allow":["GET"]}}],"collection":[{"href":"http:\/\/staging.ibermusicas.org\/index.php\/wp-json\/wp\/v2\/posts"}],"about":[{"href":"http:\/\/staging.ibermusicas.org\/index.php\/wp-json\/wp\/v2\/types\/post"}],"author":[{"embeddable":true,"href":"http:\/\/staging.ibermusicas.org\/index.php\/wp-json\/wp\/v2\/users\/1"}],"replies":[{"embeddable":true,"href":"http:\/\/staging.ibermusicas.org\/index.php\/wp-json\/wp\/v2\/comments?post=13317"}],"version-history":[{"count":1,"href":"http:\/\/staging.ibermusicas.org\/index.php\/wp-json\/wp\/v2\/posts\/13317\/revisions"}],"predecessor-version":[{"id":13319,"href":"http:\/\/staging.ibermusicas.org\/index.php\/wp-json\/wp\/v2\/posts\/13317\/revisions\/13319"}],"wp:featuredmedia":[{"embeddable":true,"href":"http:\/\/staging.ibermusicas.org\/index.php\/wp-json\/wp\/v2\/media\/13318"}],"wp:attachment":[{"href":"http:\/\/staging.ibermusicas.org\/index.php\/wp-json\/wp\/v2\/media?parent=13317"}],"wp:term":[{"taxonomy":"category","embeddable":true,"href":"http:\/\/staging.ibermusicas.org\/index.php\/wp-json\/wp\/v2\/categories?post=13317"},{"taxonomy":"post_tag","embeddable":true,"href":"http:\/\/staging.ibermusicas.org\/index.php\/wp-json\/wp\/v2\/tags?post=13317"}],"curies":[{"name":"wp","href":"https:\/\/api.w.org\/{rel}","templated":true}]}}