{"id":13320,"date":"2022-09-14T21:31:09","date_gmt":"2022-09-14T21:31:09","guid":{"rendered":"http:\/\/staging.ibermusicas.org\/?p=13320"},"modified":"2022-10-03T02:30:21","modified_gmt":"2022-10-03T02:30:21","slug":"o-festival-musica-ocupa-do-equador-anuncia-seu-programa-para-2022","status":"publish","type":"post","link":"http:\/\/staging.ibermusicas.org\/index.php\/o-festival-musica-ocupa-do-equador-anuncia-seu-programa-para-2022\/","title":{"rendered":"O Festival M\u00fasica Ocupa do Equador anuncia seu programa para 2022"},"content":{"rendered":"<p>M\u00fasicaOcupa \u00e9 um festival anual de m\u00fasica cl\u00e1ssica organizado pela InConcerto desde 2017. Atrav\u00e9s do encontro de instrumentistas de diferentes pa\u00edses, artistas locais e p\u00fablicos diversos, o festival tira a m\u00fasica cl\u00e1ssica de seus espa\u00e7os tradicionais &#8211; salas de concertos e teatros &#8211; e a traz para a cidade.<\/p>\n<p>&nbsp;<\/p>\n<p>A sexta edi\u00e7\u00e3o da M\u00fasicaOcupa oferecer\u00e1 um m\u00eas de acesso gratuito a concertos, interven\u00e7\u00f5es musicais espont\u00e2neas, palestras e outros pontos de encontro para uma variedade de p\u00fablicos. O festival voltar\u00e1 pessoalmente a espa\u00e7os incomuns para ocup\u00e1-los com m\u00fasica cl\u00e1ssica. Este ano, o festival ocupar\u00e1 hospitais, mercados, pra\u00e7as, s\u00edtios hist\u00f3ricos e locais urbanos localizados em toda a cidade, de norte a sul.<\/p>\n<p>&nbsp;<\/p>\n<p>A cada ano, M\u00fasicaOcupa re\u00fane instrumentistas equatorianos e internacionais para formar um grupo de m\u00fasicos residentes que acompanham as a\u00e7\u00f5es do festival ao lado do Ensamble InConcerto, o trio permanente composto por Sim\u00f3n Gangotena, Mario Mart\u00ednez e Boris Pe\u00f1a. Nesta ocasi\u00e3o, o grupo de m\u00fasicos residentes inclui as violinistas Novil\u00e9 Maceinait\u00e9 (Litu\u00e2nia) e Gabriela Cobo (Equador).<\/p>\n<p>&nbsp;<\/p>\n<p>De 19 de agosto a 21 de setembro<\/p>\n","protected":false},"excerpt":{"rendered":"<p>M\u00fasicaOcupa \u00e9 um festival anual de m\u00fasica cl\u00e1ssica organizado pela InConcerto desde 2017. Atrav\u00e9s do encontro de instrumentistas de diferentes pa\u00edses, artistas locais e p\u00fablicos diversos, o festival tira a m\u00fasica cl\u00e1ssica de seus espa\u00e7os tradicionais &#8211; salas de concertos e teatros &#8211; e a traz para a cidade. &nbsp; A sexta edi\u00e7\u00e3o da M\u00fasicaOcupa [&hellip;]<\/p>\n","protected":false},"author":1,"featured_media":13318,"comment_status":"closed","ping_status":"closed","sticky":false,"template":"","format":"standard","meta":{"footnotes":""},"categories":[218],"tags":[],"class_list":["post-13320","post","type-post","status-publish","format-standard","has-post-thumbnail","hentry","category-noticias-generales-pt"],"lang":"pt","translations":{"pt":13320,"es":13317},"pll_sync_post":[],"post_mailing_queue_ids":[],"_links":{"self":[{"href":"http:\/\/staging.ibermusicas.org\/index.php\/wp-json\/wp\/v2\/posts\/13320","targetHints":{"allow":["GET"]}}],"collection":[{"href":"http:\/\/staging.ibermusicas.org\/index.php\/wp-json\/wp\/v2\/posts"}],"about":[{"href":"http:\/\/staging.ibermusicas.org\/index.php\/wp-json\/wp\/v2\/types\/post"}],"author":[{"embeddable":true,"href":"http:\/\/staging.ibermusicas.org\/index.php\/wp-json\/wp\/v2\/users\/1"}],"replies":[{"embeddable":true,"href":"http:\/\/staging.ibermusicas.org\/index.php\/wp-json\/wp\/v2\/comments?post=13320"}],"version-history":[{"count":2,"href":"http:\/\/staging.ibermusicas.org\/index.php\/wp-json\/wp\/v2\/posts\/13320\/revisions"}],"predecessor-version":[{"id":13322,"href":"http:\/\/staging.ibermusicas.org\/index.php\/wp-json\/wp\/v2\/posts\/13320\/revisions\/13322"}],"wp:featuredmedia":[{"embeddable":true,"href":"http:\/\/staging.ibermusicas.org\/index.php\/wp-json\/wp\/v2\/media\/13318"}],"wp:attachment":[{"href":"http:\/\/staging.ibermusicas.org\/index.php\/wp-json\/wp\/v2\/media?parent=13320"}],"wp:term":[{"taxonomy":"category","embeddable":true,"href":"http:\/\/staging.ibermusicas.org\/index.php\/wp-json\/wp\/v2\/categories?post=13320"},{"taxonomy":"post_tag","embeddable":true,"href":"http:\/\/staging.ibermusicas.org\/index.php\/wp-json\/wp\/v2\/tags?post=13320"}],"curies":[{"name":"wp","href":"https:\/\/api.w.org\/{rel}","templated":true}]}}