{"id":13323,"date":"2022-09-15T12:37:33","date_gmt":"2022-09-15T12:37:33","guid":{"rendered":"http:\/\/staging.ibermusicas.org\/?p=13323"},"modified":"2022-09-15T12:37:33","modified_gmt":"2022-09-15T12:37:33","slug":"en-el-marco-de-su-proyecto-alma-la-cantante-colombiana-daniela-lopez-gomez-estrena-su-cancion-nacio-un-rio","status":"publish","type":"post","link":"http:\/\/staging.ibermusicas.org\/index.php\/en-el-marco-de-su-proyecto-alma-la-cantante-colombiana-daniela-lopez-gomez-estrena-su-cancion-nacio-un-rio\/","title":{"rendered":"En el marco de su proyecto \u201cAlma\u201d la cantante colombiana Daniela L\u00f3pez G\u00f3mez estrena su canci\u00f3n \u201cNaci\u00f3 un r\u00edo\u201d"},"content":{"rendered":"<p>La artista colombiana Daniela L\u00f3pez G\u00f3mez lanza la canci\u00f3n \u201cNaci\u00f3 un r\u00edo\u201d, una nueva pieza de su nueva producci\u00f3n titulada Alma y que consta de una serie de composiciones inspiradas en ritmos folcl\u00f3ricos latinoamericanos impregnados de sonidos ancestrales. Adem\u00e1s, contiene un tinte acad\u00e9mico con colores cercanos al jazz, al blues, al rock y a la m\u00fasica cubana. Todos estos elementos han sido fundamentales en la formaci\u00f3n de Daniela L\u00f3pez G\u00f3mez como flautista y cantante y en su b\u00fasqueda constante de crear y aportar a las nuevas sonoridades de la m\u00fasica colombiana y latinoamericana.<\/p>\n<p>El trabajo de Daniela L\u00f3pez G\u00f3mez busca aportar a la evoluci\u00f3n y por ende a la salvaguarda de los aires musicales de Colombia y de Iberoam\u00e9rica considerando que es una urgencia y es el deber de quienes nos hemos alimentado de ellos en tantas formas. Crear es una de las mejores maneras de fortalecer nuestra cultura musical, de mantenerla viva y fluyendo para que llegue a la mayor cantidad de o\u00eddos posible, con la esperanza firme de que los habitantes de un territorio se identifiquen y se reconozcan en ella para que por fin tenga el lugar que se merece como uno de los rostros principales de su tierra.<\/p>\n<p>\u201cProcuro convertir en canci\u00f3n una pintura, un paisaje, un r\u00edo, pero sobre todo cada historia que escucho, en especial, toda aquella que posea un trasfondo doloroso e incluso tr\u00e1gico, como una manera m\u00e1s digna de contarla y recordarla. Busco descubrir el alma de las cosas, moldearla, hacerla hablar, re\u00edr, llorar, cantar y, sobre todo, sanar . Deseo expresarme por medio de la hermosa combinaci\u00f3n de legados de mis ancestros, quienes necesitan de mensajeros y de poetas locos\u2026 locos por la belleza del mundo sonoro de mi pa\u00eds y de mi continente\u201d.<\/p>\n<p>Daniela naci\u00f3 en el municipio de Sons\u00f3n Antioquia, lugar en el que inici\u00f3 sus estudios musicales con la flauta traversa como instrumento principal. Se gradu\u00f3 con honores de la Universidad de Antioquia en el programa de M\u00fasica Instrumento \u2013 Flauta traversa. Su camino en el canto solista inici\u00f3 con el folclor Caribe y actualmente es cantadora del grupo de bullerengue Yimal\u00e1. Daniela fue ganadora del concurso de canci\u00f3n in\u00e9dita del colectivo I Love Bullerengue donde tuvo la oportunidad de grabar su primera canci\u00f3n de manera profesional. Particip\u00f3 tambi\u00e9n en la convocatoria para compositores \u201cCanciones de la cuarentena\u201d realizada por Iberm\u00fasicas en 2020, siendo merecedora de uno de los tres premios otorgados a cada pa\u00eds iberoamericano. En el mismo a\u00f1o, fue ganadora de uno de los est\u00edmulos del Ministerio de Cultura con la beca de Circulaci\u00f3n Virtual de solistas, cantautores e int\u00e9rpretes de m\u00fasica acad\u00e9mica, popular y urbana.<\/p>\n<p>&nbsp;<\/p>\n<p>16 de septiembre<\/p>\n<p><a href=\"https:\/\/onerpm.link\/851649670068\">https:\/\/onerpm.link\/851649670068<\/a><\/p>\n","protected":false},"excerpt":{"rendered":"<p>La artista colombiana Daniela L\u00f3pez G\u00f3mez lanza la canci\u00f3n \u201cNaci\u00f3 un r\u00edo\u201d, una nueva pieza de su nueva producci\u00f3n titulada Alma y que consta de una serie de composiciones inspiradas en ritmos folcl\u00f3ricos latinoamericanos impregnados de sonidos ancestrales. Adem\u00e1s, contiene un tinte acad\u00e9mico con colores cercanos al jazz, al blues, al rock y a la [&hellip;]<\/p>\n","protected":false},"author":1,"featured_media":13324,"comment_status":"closed","ping_status":"closed","sticky":false,"template":"","format":"standard","meta":{"footnotes":""},"categories":[53],"tags":[],"class_list":["post-13323","post","type-post","status-publish","format-standard","has-post-thumbnail","hentry","category-noticias-generales"],"lang":"es","translations":{"es":13323,"pt":13326},"pll_sync_post":[],"post_mailing_queue_ids":[],"_links":{"self":[{"href":"http:\/\/staging.ibermusicas.org\/index.php\/wp-json\/wp\/v2\/posts\/13323","targetHints":{"allow":["GET"]}}],"collection":[{"href":"http:\/\/staging.ibermusicas.org\/index.php\/wp-json\/wp\/v2\/posts"}],"about":[{"href":"http:\/\/staging.ibermusicas.org\/index.php\/wp-json\/wp\/v2\/types\/post"}],"author":[{"embeddable":true,"href":"http:\/\/staging.ibermusicas.org\/index.php\/wp-json\/wp\/v2\/users\/1"}],"replies":[{"embeddable":true,"href":"http:\/\/staging.ibermusicas.org\/index.php\/wp-json\/wp\/v2\/comments?post=13323"}],"version-history":[{"count":1,"href":"http:\/\/staging.ibermusicas.org\/index.php\/wp-json\/wp\/v2\/posts\/13323\/revisions"}],"predecessor-version":[{"id":13325,"href":"http:\/\/staging.ibermusicas.org\/index.php\/wp-json\/wp\/v2\/posts\/13323\/revisions\/13325"}],"wp:featuredmedia":[{"embeddable":true,"href":"http:\/\/staging.ibermusicas.org\/index.php\/wp-json\/wp\/v2\/media\/13324"}],"wp:attachment":[{"href":"http:\/\/staging.ibermusicas.org\/index.php\/wp-json\/wp\/v2\/media?parent=13323"}],"wp:term":[{"taxonomy":"category","embeddable":true,"href":"http:\/\/staging.ibermusicas.org\/index.php\/wp-json\/wp\/v2\/categories?post=13323"},{"taxonomy":"post_tag","embeddable":true,"href":"http:\/\/staging.ibermusicas.org\/index.php\/wp-json\/wp\/v2\/tags?post=13323"}],"curies":[{"name":"wp","href":"https:\/\/api.w.org\/{rel}","templated":true}]}}