{"id":13326,"date":"2022-09-15T12:39:04","date_gmt":"2022-09-15T12:39:04","guid":{"rendered":"http:\/\/staging.ibermusicas.org\/?p=13326"},"modified":"2022-09-15T12:39:04","modified_gmt":"2022-09-15T12:39:04","slug":"no-ambito-de-seu-projeto-alma-a-cantora-colombiana-daniela-lopez-gomez-lanca-sua-cancao-nacio-un-rio","status":"publish","type":"post","link":"http:\/\/staging.ibermusicas.org\/index.php\/no-ambito-de-seu-projeto-alma-a-cantora-colombiana-daniela-lopez-gomez-lanca-sua-cancao-nacio-un-rio\/","title":{"rendered":"No \u00e2mbito de seu projeto \u00abAlma\u00bb, a cantora colombiana Daniela L\u00f3pez G\u00f3mez lan\u00e7a sua can\u00e7\u00e3o \u00abNaci\u00f3 un r\u00edo\u00bb"},"content":{"rendered":"<p>A artista colombiana Daniela L\u00f3pez G\u00f3mez lan\u00e7a a can\u00e7\u00e3o \u00abNaci\u00f3 un r\u00edo\u00bb, uma nova pe\u00e7a de sua nova produ\u00e7\u00e3o intitulada Alma, que consiste em uma s\u00e9rie de composi\u00e7\u00f5es inspiradas em ritmos populares latino-americanos impregnados de sons ancestrais. Tamb\u00e9m cont\u00e9m uma tonalidade acad\u00eamica com cores pr\u00f3ximas ao jazz, blues, rock e m\u00fasica cubana. Todos estes elementos foram fundamentais na forma\u00e7\u00e3o de Daniela L\u00f3pez G\u00f3mez como flautista e cantora e em sua constante busca de criar e contribuir para as novas sonoridades da m\u00fasica colombiana e latino-americana.<\/p>\n<p>&nbsp;<\/p>\n<p>O trabalho de Daniela L\u00f3pez G\u00f3mez procura contribuir para a evolu\u00e7\u00e3o e, portanto, para a salvaguarda dos ares musicais da Col\u00f4mbia e da Am\u00e9rica Latina, considerando que \u00e9 uma urg\u00eancia e o dever daqueles de n\u00f3s que nos alimentamos deles de tantas maneiras. Criar \u00e9 uma das melhores maneiras de fortalecer nossa cultura musical, de mant\u00ea-la viva e fluida para que chegue ao maior n\u00famero poss\u00edvel de ouvidos, com a firme esperan\u00e7a de que os habitantes de um territ\u00f3rio se identifiquem e se reconhe\u00e7am nele para que finalmente tenha o lugar que merece como uma das faces principais de sua terra.<\/p>\n<p>&nbsp;<\/p>\n<p>\u00abTento transformar uma pintura, uma paisagem, um rio em uma can\u00e7\u00e3o, mas acima de tudo cada hist\u00f3ria que ou\u00e7o, especialmente aquelas com tons dolorosos ou mesmo tr\u00e1gicos, como uma forma mais digna de cont\u00e1-las e lembr\u00e1-las. Procuro descobrir a alma das coisas, mold\u00e1-la, faz\u00ea-la falar, rir, chorar, cantar e, acima de tudo, curar. Quero me expressar atrav\u00e9s da bela combina\u00e7\u00e3o dos legados de meus antepassados, que precisam de mensageiros e poetas loucos&#8230; loucos pela beleza do mundo sonoro do meu pa\u00eds e do meu continente\u201d.<\/p>\n<p>&nbsp;<\/p>\n<p>Daniela nasceu no munic\u00edpio de Sons\u00f3n Antioquia, onde iniciou seus estudos musicais com a flauta como seu instrumento principal. Formou-se com honras na Universidade de Antioquia no programa de M\u00fasica Instrumental &#8211; Flauta Transversal. Seu caminho no canto solo come\u00e7ou com o folclore caribenho e ela \u00e9 atualmente uma cantora do grupo de bullerengue Yimal\u00e1. Daniela foi a vencedora do concurso de can\u00e7\u00f5es in\u00e9ditas do coletivo I Love Bullerengue onde ela teve a oportunidade de gravar sua primeira can\u00e7\u00e3o profissionalmente. Ela tamb\u00e9m participou da chamada para compositores \u00abCanciones de la cuarentena\u00bb pela Iberm\u00fasicas em 2020, ganhando um dos tr\u00eas pr\u00eamios concedidos a cada pa\u00eds ibero-americano. No mesmo ano, ela ganhou um dos incentivos do Minist\u00e9rio da Cultura com a bolsa de Circula\u00e7\u00e3o Virtual para solistas, cantores-compositores e int\u00e9rpretes de m\u00fasica acad\u00eamica, popular e urbana.<\/p>\n<p>16 de setembro<\/p>\n<p><a href=\"https:\/\/onerpm.link\/851649670068\">https:\/\/onerpm.link\/851649670068<\/a><\/p>\n<p>&nbsp;<\/p>\n","protected":false},"excerpt":{"rendered":"<p>A artista colombiana Daniela L\u00f3pez G\u00f3mez lan\u00e7a a can\u00e7\u00e3o \u00abNaci\u00f3 un r\u00edo\u00bb, uma nova pe\u00e7a de sua nova produ\u00e7\u00e3o intitulada Alma, que consiste em uma s\u00e9rie de composi\u00e7\u00f5es inspiradas em ritmos populares latino-americanos impregnados de sons ancestrais. Tamb\u00e9m cont\u00e9m uma tonalidade acad\u00eamica com cores pr\u00f3ximas ao jazz, blues, rock e m\u00fasica cubana. Todos estes elementos [&hellip;]<\/p>\n","protected":false},"author":1,"featured_media":13324,"comment_status":"closed","ping_status":"closed","sticky":false,"template":"","format":"standard","meta":{"footnotes":""},"categories":[218],"tags":[],"class_list":["post-13326","post","type-post","status-publish","format-standard","has-post-thumbnail","hentry","category-noticias-generales-pt"],"lang":"pt","translations":{"pt":13326,"es":13323},"pll_sync_post":[],"post_mailing_queue_ids":[],"_links":{"self":[{"href":"http:\/\/staging.ibermusicas.org\/index.php\/wp-json\/wp\/v2\/posts\/13326","targetHints":{"allow":["GET"]}}],"collection":[{"href":"http:\/\/staging.ibermusicas.org\/index.php\/wp-json\/wp\/v2\/posts"}],"about":[{"href":"http:\/\/staging.ibermusicas.org\/index.php\/wp-json\/wp\/v2\/types\/post"}],"author":[{"embeddable":true,"href":"http:\/\/staging.ibermusicas.org\/index.php\/wp-json\/wp\/v2\/users\/1"}],"replies":[{"embeddable":true,"href":"http:\/\/staging.ibermusicas.org\/index.php\/wp-json\/wp\/v2\/comments?post=13326"}],"version-history":[{"count":1,"href":"http:\/\/staging.ibermusicas.org\/index.php\/wp-json\/wp\/v2\/posts\/13326\/revisions"}],"predecessor-version":[{"id":13327,"href":"http:\/\/staging.ibermusicas.org\/index.php\/wp-json\/wp\/v2\/posts\/13326\/revisions\/13327"}],"wp:featuredmedia":[{"embeddable":true,"href":"http:\/\/staging.ibermusicas.org\/index.php\/wp-json\/wp\/v2\/media\/13324"}],"wp:attachment":[{"href":"http:\/\/staging.ibermusicas.org\/index.php\/wp-json\/wp\/v2\/media?parent=13326"}],"wp:term":[{"taxonomy":"category","embeddable":true,"href":"http:\/\/staging.ibermusicas.org\/index.php\/wp-json\/wp\/v2\/categories?post=13326"},{"taxonomy":"post_tag","embeddable":true,"href":"http:\/\/staging.ibermusicas.org\/index.php\/wp-json\/wp\/v2\/tags?post=13326"}],"curies":[{"name":"wp","href":"https:\/\/api.w.org\/{rel}","templated":true}]}}