{"id":13328,"date":"2022-09-15T13:24:41","date_gmt":"2022-09-15T13:24:41","guid":{"rendered":"http:\/\/staging.ibermusicas.org\/?p=13328"},"modified":"2022-09-15T13:24:41","modified_gmt":"2022-09-15T13:24:41","slug":"el-musico-argentino-carlos-aguirre-viajara-desde-su-parana-natal-a-participar-del-ecuador-jazz-2022-en-la-ciudad-de-quito","status":"publish","type":"post","link":"http:\/\/staging.ibermusicas.org\/index.php\/el-musico-argentino-carlos-aguirre-viajara-desde-su-parana-natal-a-participar-del-ecuador-jazz-2022-en-la-ciudad-de-quito\/","title":{"rendered":"El m\u00fasico argentino Carlos Aguirre, viajar\u00e1 desde su Paran\u00e1 natal a participar del Ecuador Jazz 2022, en la ciudad de Quito"},"content":{"rendered":"<p>El artista entrerriano Carlos Aguirre est\u00e1 considerado uno de los creadores m\u00e1s originales de la actual m\u00fasica argentina. Gestor de una obra nacida al abrigo del folclore argentino y latinoamericano como marca identitaria, no lo entiende como un pensamiento anquilosado, sino como una expresi\u00f3n din\u00e1mica, amplia y cambiante.<\/p>\n<p>&nbsp;<\/p>\n<p>Sus composiciones abarcan desde la canci\u00f3n hasta un profundo desarrollo de la m\u00fasica instrumental, con una atm\u00f3sfera camar\u00edstica, una exquisitez t\u00e9cnica propia de la formaci\u00f3n cl\u00e1sica en el piano y recursos provenientes de m\u00fasicas populares como el jazz y los sonidos de Latinoam\u00e9rica. Su trabajo como compositor e int\u00e9rprete de su propia obra, es respetado y valorado tambi\u00e9n fuera de las fronteras del pa\u00eds.<\/p>\n<p>&nbsp;<\/p>\n<p>Como solista, Aguirre profundiza su relaci\u00f3n con el piano, el instrumento que signific\u00f3 su primera conexi\u00f3n con la m\u00fasica y que dej\u00f3 plasmado en su disco \u00abCaminos\u00bb (piano solo, Shagrada Medra, 2007). Las piezas de esa obra discogr\u00e1fica revelan sus distintas facetas, que van desde la rigurosidad de la t\u00e9cnica cl\u00e1sica, hasta la libertad de la improvisaci\u00f3n propia de las m\u00fasicas populares.<\/p>\n<p>&nbsp;<\/p>\n<p>Durante el festival brindar\u00e1 una clase magistral y un concierto.<\/p>\n<p><strong>\u00a0<\/strong><\/p>\n<p>16 de septiembre 10:00 hs.<\/p>\n<p>Clase magistral sobre arreglos en la M\u00fasica Folkl\u00f3rica Argentina, Ecuador Jazz 2022, Estudio de Percusi\u00f3n , Le\u00f3nidas Plaza N19-50 y 18 de septiembre<\/p>\n<p>&nbsp;<\/p>\n<p>18 de septiembre 16:00 hs.<\/p>\n<p>Concierto en el Teatro Nacional Sucre, Ecuador Jazz 2022, Quito, Ecuador<\/p>\n<p><strong>\u00a0<\/strong><\/p>\n","protected":false},"excerpt":{"rendered":"<p>El artista entrerriano Carlos Aguirre est\u00e1 considerado uno de los creadores m\u00e1s originales de la actual m\u00fasica argentina. Gestor de una obra nacida al abrigo del folclore argentino y latinoamericano como marca identitaria, no lo entiende como un pensamiento anquilosado, sino como una expresi\u00f3n din\u00e1mica, amplia y cambiante. &nbsp; Sus composiciones abarcan desde la canci\u00f3n [&hellip;]<\/p>\n","protected":false},"author":1,"featured_media":13329,"comment_status":"closed","ping_status":"closed","sticky":false,"template":"","format":"standard","meta":{"footnotes":""},"categories":[53],"tags":[],"class_list":["post-13328","post","type-post","status-publish","format-standard","has-post-thumbnail","hentry","category-noticias-generales"],"lang":"es","translations":{"es":13328,"pt":13331},"pll_sync_post":[],"post_mailing_queue_ids":[],"_links":{"self":[{"href":"http:\/\/staging.ibermusicas.org\/index.php\/wp-json\/wp\/v2\/posts\/13328","targetHints":{"allow":["GET"]}}],"collection":[{"href":"http:\/\/staging.ibermusicas.org\/index.php\/wp-json\/wp\/v2\/posts"}],"about":[{"href":"http:\/\/staging.ibermusicas.org\/index.php\/wp-json\/wp\/v2\/types\/post"}],"author":[{"embeddable":true,"href":"http:\/\/staging.ibermusicas.org\/index.php\/wp-json\/wp\/v2\/users\/1"}],"replies":[{"embeddable":true,"href":"http:\/\/staging.ibermusicas.org\/index.php\/wp-json\/wp\/v2\/comments?post=13328"}],"version-history":[{"count":1,"href":"http:\/\/staging.ibermusicas.org\/index.php\/wp-json\/wp\/v2\/posts\/13328\/revisions"}],"predecessor-version":[{"id":13330,"href":"http:\/\/staging.ibermusicas.org\/index.php\/wp-json\/wp\/v2\/posts\/13328\/revisions\/13330"}],"wp:featuredmedia":[{"embeddable":true,"href":"http:\/\/staging.ibermusicas.org\/index.php\/wp-json\/wp\/v2\/media\/13329"}],"wp:attachment":[{"href":"http:\/\/staging.ibermusicas.org\/index.php\/wp-json\/wp\/v2\/media?parent=13328"}],"wp:term":[{"taxonomy":"category","embeddable":true,"href":"http:\/\/staging.ibermusicas.org\/index.php\/wp-json\/wp\/v2\/categories?post=13328"},{"taxonomy":"post_tag","embeddable":true,"href":"http:\/\/staging.ibermusicas.org\/index.php\/wp-json\/wp\/v2\/tags?post=13328"}],"curies":[{"name":"wp","href":"https:\/\/api.w.org\/{rel}","templated":true}]}}