{"id":13331,"date":"2022-09-15T13:38:42","date_gmt":"2022-09-15T13:38:42","guid":{"rendered":"http:\/\/staging.ibermusicas.org\/?p=13331"},"modified":"2022-09-15T13:38:42","modified_gmt":"2022-09-15T13:38:42","slug":"o-musico-argentino-carlos-aguirre-viajara-de-seu-parana-natal-para-participar-do-equador-jazz-2022-na-cidade-de-quito","status":"publish","type":"post","link":"http:\/\/staging.ibermusicas.org\/index.php\/o-musico-argentino-carlos-aguirre-viajara-de-seu-parana-natal-para-participar-do-equador-jazz-2022-na-cidade-de-quito\/","title":{"rendered":"O m\u00fasico argentino Carlos Aguirre viajar\u00e1 de seu Paran\u00e1 natal para participar do Equador Jazz 2022, na cidade de Quito"},"content":{"rendered":"<p>O artista de Entre R\u00edos, Carlos Aguirre, \u00e9 considerado um dos criadores mais originais da m\u00fasica argentina atual. \u00c9 criador de uma obra nascida do folclore argentino e latino-americano como marca de identidade que ele n\u00e3o a entende como um pensamento estagnado, mas como uma express\u00e3o din\u00e2mica, ampla e mut\u00e1vel.<\/p>\n<p>&nbsp;<\/p>\n<p>Suas composi\u00e7\u00f5es variam de can\u00e7\u00f5es a um profundo desenvolvimento da m\u00fasica instrumental, com uma atmosfera de c\u00e2mara, um requinte t\u00e9cnico t\u00edpico do treinamento de piano cl\u00e1ssico e recursos da m\u00fasica popular como o jazz e os sons da Am\u00e9rica Latina. Seu trabalho como compositor e int\u00e9rprete de sua pr\u00f3pria obra tamb\u00e9m \u00e9 respeitado e valorizado fora das fronteiras do pa\u00eds.<\/p>\n<p>&nbsp;<\/p>\n<p>Como solista, Aguirre aprofunda sua rela\u00e7\u00e3o com o piano, o instrumento que significou sua primeira conex\u00e3o com a m\u00fasica e que ele expressou\u00a0 em seu \u00e1lbum \u00abCaminos\u00bb (piano solo, Shagrada Medra, 2007). As pe\u00e7as deste \u00e1lbum revelam suas diferentes facetas, desde o rigor da t\u00e9cnica cl\u00e1ssica at\u00e9 a liberdade de improvisa\u00e7\u00e3o t\u00edpica da m\u00fasica popular.<\/p>\n<p>&nbsp;<\/p>\n<p>Durante o festival, ele dar\u00e1 uma aula magistral e um concerto.<\/p>\n<p>&nbsp;<\/p>\n<p>&nbsp;<\/p>\n<p>16 de setembro 10:00 hs.<\/p>\n<p>Master Class on Arrangements in Argentine Folk Music, Equador Jazz 2022, Estudio de Percusi\u00f3n, Le\u00f3nidas Plaza N19-50 y 18 de septiembre.<\/p>\n<p>18 de setembro 16:00 hs.<\/p>\n<p>&nbsp;<\/p>\n<p>Concerto no Teatro Nacional Sucre, Equador Jazz 2022, Quito, Equador<\/p>\n<p><strong>\u00a0<\/strong><\/p>\n","protected":false},"excerpt":{"rendered":"<p>O artista de Entre R\u00edos, Carlos Aguirre, \u00e9 considerado um dos criadores mais originais da m\u00fasica argentina atual. \u00c9 criador de uma obra nascida do folclore argentino e latino-americano como marca de identidade que ele n\u00e3o a entende como um pensamento estagnado, mas como uma express\u00e3o din\u00e2mica, ampla e mut\u00e1vel. &nbsp; Suas composi\u00e7\u00f5es variam de [&hellip;]<\/p>\n","protected":false},"author":1,"featured_media":13329,"comment_status":"closed","ping_status":"closed","sticky":false,"template":"","format":"standard","meta":{"footnotes":""},"categories":[218],"tags":[],"class_list":["post-13331","post","type-post","status-publish","format-standard","has-post-thumbnail","hentry","category-noticias-generales-pt"],"lang":"pt","translations":{"pt":13331,"es":13328},"pll_sync_post":[],"post_mailing_queue_ids":[],"_links":{"self":[{"href":"http:\/\/staging.ibermusicas.org\/index.php\/wp-json\/wp\/v2\/posts\/13331","targetHints":{"allow":["GET"]}}],"collection":[{"href":"http:\/\/staging.ibermusicas.org\/index.php\/wp-json\/wp\/v2\/posts"}],"about":[{"href":"http:\/\/staging.ibermusicas.org\/index.php\/wp-json\/wp\/v2\/types\/post"}],"author":[{"embeddable":true,"href":"http:\/\/staging.ibermusicas.org\/index.php\/wp-json\/wp\/v2\/users\/1"}],"replies":[{"embeddable":true,"href":"http:\/\/staging.ibermusicas.org\/index.php\/wp-json\/wp\/v2\/comments?post=13331"}],"version-history":[{"count":1,"href":"http:\/\/staging.ibermusicas.org\/index.php\/wp-json\/wp\/v2\/posts\/13331\/revisions"}],"predecessor-version":[{"id":13332,"href":"http:\/\/staging.ibermusicas.org\/index.php\/wp-json\/wp\/v2\/posts\/13331\/revisions\/13332"}],"wp:featuredmedia":[{"embeddable":true,"href":"http:\/\/staging.ibermusicas.org\/index.php\/wp-json\/wp\/v2\/media\/13329"}],"wp:attachment":[{"href":"http:\/\/staging.ibermusicas.org\/index.php\/wp-json\/wp\/v2\/media?parent=13331"}],"wp:term":[{"taxonomy":"category","embeddable":true,"href":"http:\/\/staging.ibermusicas.org\/index.php\/wp-json\/wp\/v2\/categories?post=13331"},{"taxonomy":"post_tag","embeddable":true,"href":"http:\/\/staging.ibermusicas.org\/index.php\/wp-json\/wp\/v2\/tags?post=13331"}],"curies":[{"name":"wp","href":"https:\/\/api.w.org\/{rel}","templated":true}]}}