{"id":13333,"date":"2022-09-15T13:43:30","date_gmt":"2022-09-15T13:43:30","guid":{"rendered":"http:\/\/staging.ibermusicas.org\/?p=13333"},"modified":"2022-10-03T02:23:43","modified_gmt":"2022-10-03T02:23:43","slug":"la-agrupacion-joaju-de-paraguay-se-presentara-en-el-festival-ecuador-jazz","status":"publish","type":"post","link":"http:\/\/staging.ibermusicas.org\/index.php\/la-agrupacion-joaju-de-paraguay-se-presentara-en-el-festival-ecuador-jazz\/","title":{"rendered":"La agrupaci\u00f3n Joaju de Paraguay se presentar\u00e1 en el Festival Ecuador Jazz"},"content":{"rendered":"<p>El destacado cuarteto de jazz paraguayo Joaju estar\u00e1 present\u00e1ndose en vivo en la ciudad de Quito, en el marco del Festival Ecuador Jazz. Para este gran evento internacional el cuarteto estar\u00e1 presentando temas de sus dos \u00e1lbumes, as\u00ed como algunos in\u00e9ditos, con los que se podr\u00e1 apreciar composiciones de grandes autores del jazz y la m\u00fasica instrumental paraguaya, as\u00ed como de integrantes del cuarteto mismo.<\/p>\n<p>&nbsp;<\/p>\n<p>Liderado por el baterista Victor Morel junto a Giovanni Primerano en piano, Bruno Mu\u00f1oz en saxo y Nicolas Ca\u00f1ete en contrabajo, tras 11 a\u00f1os de carrera, Joaju viene consolidando su carrera art\u00edstica, con importantes presentaciones a nivel internacional.<\/p>\n<p>S\u00e1bado 17 de Setiembre, a las 21:30 hs en el Teatro Variedades de Quito, Ecuador<\/p>\n","protected":false},"excerpt":{"rendered":"<p>El destacado cuarteto de jazz paraguayo Joaju estar\u00e1 present\u00e1ndose en vivo en la ciudad de Quito, en el marco del Festival Ecuador Jazz. Para este gran evento internacional el cuarteto estar\u00e1 presentando temas de sus dos \u00e1lbumes, as\u00ed como algunos in\u00e9ditos, con los que se podr\u00e1 apreciar composiciones de grandes autores del jazz y la [&hellip;]<\/p>\n","protected":false},"author":1,"featured_media":13334,"comment_status":"closed","ping_status":"closed","sticky":false,"template":"","format":"standard","meta":{"footnotes":""},"categories":[53],"tags":[],"class_list":["post-13333","post","type-post","status-publish","format-standard","has-post-thumbnail","hentry","category-noticias-generales"],"lang":"es","translations":{"es":13333,"pt":13336},"pll_sync_post":[],"post_mailing_queue_ids":[],"_links":{"self":[{"href":"http:\/\/staging.ibermusicas.org\/index.php\/wp-json\/wp\/v2\/posts\/13333","targetHints":{"allow":["GET"]}}],"collection":[{"href":"http:\/\/staging.ibermusicas.org\/index.php\/wp-json\/wp\/v2\/posts"}],"about":[{"href":"http:\/\/staging.ibermusicas.org\/index.php\/wp-json\/wp\/v2\/types\/post"}],"author":[{"embeddable":true,"href":"http:\/\/staging.ibermusicas.org\/index.php\/wp-json\/wp\/v2\/users\/1"}],"replies":[{"embeddable":true,"href":"http:\/\/staging.ibermusicas.org\/index.php\/wp-json\/wp\/v2\/comments?post=13333"}],"version-history":[{"count":1,"href":"http:\/\/staging.ibermusicas.org\/index.php\/wp-json\/wp\/v2\/posts\/13333\/revisions"}],"predecessor-version":[{"id":13335,"href":"http:\/\/staging.ibermusicas.org\/index.php\/wp-json\/wp\/v2\/posts\/13333\/revisions\/13335"}],"wp:featuredmedia":[{"embeddable":true,"href":"http:\/\/staging.ibermusicas.org\/index.php\/wp-json\/wp\/v2\/media\/13334"}],"wp:attachment":[{"href":"http:\/\/staging.ibermusicas.org\/index.php\/wp-json\/wp\/v2\/media?parent=13333"}],"wp:term":[{"taxonomy":"category","embeddable":true,"href":"http:\/\/staging.ibermusicas.org\/index.php\/wp-json\/wp\/v2\/categories?post=13333"},{"taxonomy":"post_tag","embeddable":true,"href":"http:\/\/staging.ibermusicas.org\/index.php\/wp-json\/wp\/v2\/tags?post=13333"}],"curies":[{"name":"wp","href":"https:\/\/api.w.org\/{rel}","templated":true}]}}