{"id":13336,"date":"2022-09-15T13:45:00","date_gmt":"2022-09-15T13:45:00","guid":{"rendered":"http:\/\/staging.ibermusicas.org\/?p=13336"},"modified":"2022-10-03T02:30:15","modified_gmt":"2022-10-03T02:30:15","slug":"o-grupo-joaju-do-paraguai-se-apresentara-no-ecuador-jazz-festival","status":"publish","type":"post","link":"http:\/\/staging.ibermusicas.org\/index.php\/o-grupo-joaju-do-paraguai-se-apresentara-no-ecuador-jazz-festival\/","title":{"rendered":"O grupo Joaju do Paraguai se apresentar\u00e1 no Ecuador Jazz Festival"},"content":{"rendered":"<p>O destacado quarteto de jazz paraguaio Joaju se apresentar\u00e1 ao vivo na cidade de Quito, no \u00e2mbito do Ecuador Jazz Festival. Para este grande evento internacional, o quarteto apresentar\u00e1 can\u00e7\u00f5es de seus dois \u00e1lbuns, al\u00e9m de algumas in\u00e9ditas, com as quais poder\u00e1 se apreciar composi\u00e7\u00f5es de grandes autores do jazz e da m\u00fasica instrumental paraguaia, bem como de integrantes do pr\u00f3prio quarteto.<\/p>\n<p>Liderado pelo baterista Victor Morel junto com Giovanni Primerano no piano, Bruno Mu\u00f1oz no sax e Nicolas Ca\u00f1ete no contrabaixo, ap\u00f3s 11 anos de carreira, Joaju vem consolidando sua carreira art\u00edstica, com importantes atua\u00e7\u00f5es internacionais.<\/p>\n<p>&nbsp;<\/p>\n<p>S\u00e1bado, 17 de setembro, \u00e0s 21h30 no Teatro Variedades em Quito, Ecuador<\/p>\n","protected":false},"excerpt":{"rendered":"<p>O destacado quarteto de jazz paraguaio Joaju se apresentar\u00e1 ao vivo na cidade de Quito, no \u00e2mbito do Ecuador Jazz Festival. Para este grande evento internacional, o quarteto apresentar\u00e1 can\u00e7\u00f5es de seus dois \u00e1lbuns, al\u00e9m de algumas in\u00e9ditas, com as quais poder\u00e1 se apreciar composi\u00e7\u00f5es de grandes autores do jazz e da m\u00fasica instrumental paraguaia, [&hellip;]<\/p>\n","protected":false},"author":1,"featured_media":13334,"comment_status":"closed","ping_status":"closed","sticky":false,"template":"","format":"standard","meta":{"footnotes":""},"categories":[218],"tags":[],"class_list":["post-13336","post","type-post","status-publish","format-standard","has-post-thumbnail","hentry","category-noticias-generales-pt"],"lang":"pt","translations":{"pt":13336,"es":13333},"pll_sync_post":[],"post_mailing_queue_ids":[],"_links":{"self":[{"href":"http:\/\/staging.ibermusicas.org\/index.php\/wp-json\/wp\/v2\/posts\/13336","targetHints":{"allow":["GET"]}}],"collection":[{"href":"http:\/\/staging.ibermusicas.org\/index.php\/wp-json\/wp\/v2\/posts"}],"about":[{"href":"http:\/\/staging.ibermusicas.org\/index.php\/wp-json\/wp\/v2\/types\/post"}],"author":[{"embeddable":true,"href":"http:\/\/staging.ibermusicas.org\/index.php\/wp-json\/wp\/v2\/users\/1"}],"replies":[{"embeddable":true,"href":"http:\/\/staging.ibermusicas.org\/index.php\/wp-json\/wp\/v2\/comments?post=13336"}],"version-history":[{"count":1,"href":"http:\/\/staging.ibermusicas.org\/index.php\/wp-json\/wp\/v2\/posts\/13336\/revisions"}],"predecessor-version":[{"id":13337,"href":"http:\/\/staging.ibermusicas.org\/index.php\/wp-json\/wp\/v2\/posts\/13336\/revisions\/13337"}],"wp:featuredmedia":[{"embeddable":true,"href":"http:\/\/staging.ibermusicas.org\/index.php\/wp-json\/wp\/v2\/media\/13334"}],"wp:attachment":[{"href":"http:\/\/staging.ibermusicas.org\/index.php\/wp-json\/wp\/v2\/media?parent=13336"}],"wp:term":[{"taxonomy":"category","embeddable":true,"href":"http:\/\/staging.ibermusicas.org\/index.php\/wp-json\/wp\/v2\/categories?post=13336"},{"taxonomy":"post_tag","embeddable":true,"href":"http:\/\/staging.ibermusicas.org\/index.php\/wp-json\/wp\/v2\/tags?post=13336"}],"curies":[{"name":"wp","href":"https:\/\/api.w.org\/{rel}","templated":true}]}}