{"id":13343,"date":"2022-09-15T14:10:23","date_gmt":"2022-09-15T14:10:23","guid":{"rendered":"http:\/\/staging.ibermusicas.org\/?p=13343"},"modified":"2022-10-03T02:23:37","modified_gmt":"2022-10-03T02:23:37","slug":"el-grupo-mexicno-tawayra-musica-vocal-de-las-americas-presenta-feelin-guacamaya","status":"publish","type":"post","link":"http:\/\/staging.ibermusicas.org\/index.php\/el-grupo-mexicno-tawayra-musica-vocal-de-las-americas-presenta-feelin-guacamaya\/","title":{"rendered":"El grupo mexicno Tawayra M\u00fasica vocal de las Am\u00e9ricas presenta Feelin\u2019 Guacamaya"},"content":{"rendered":"<p>Tawayra es un quinteto a capella que da a conocer la riqueza cultural a trav\u00e9s de una amplia gama de colores, timbres, tonalidades y ritmos de Am\u00e9rica Latina. El objetivo principal de este ensamble es dar a conocer, a trav\u00e9s de adaptaciones contempor\u00e1neas, la gran variedad de m\u00fasica existente en el continente americano como lo son los diversos sones, tanto cubano como mexicano, el tango, el candombe, la bossa nova; m\u00fasica de origen africano de todas las costas, tanto del Pac\u00edfico, del Atl\u00e1ntico y del Caribe; m\u00fasica de origen ind\u00edgena; y del continente norteamericano, canciones que son propias del jazz, del blues, del reggae, etc.<\/p>\n<p>&nbsp;<\/p>\n<p>&nbsp;<\/p>\n<p>S\u00e1bado 17 de septiembre 19 hs (hora de M\u00e9xico)<\/p>\n<p>&nbsp;<\/p>\n","protected":false},"excerpt":{"rendered":"<p>Tawayra es un quinteto a capella que da a conocer la riqueza cultural a trav\u00e9s de una amplia gama de colores, timbres, tonalidades y ritmos de Am\u00e9rica Latina. El objetivo principal de este ensamble es dar a conocer, a trav\u00e9s de adaptaciones contempor\u00e1neas, la gran variedad de m\u00fasica existente en el continente americano como lo [&hellip;]<\/p>\n","protected":false},"author":1,"featured_media":13344,"comment_status":"closed","ping_status":"closed","sticky":false,"template":"","format":"standard","meta":{"footnotes":""},"categories":[53],"tags":[],"class_list":["post-13343","post","type-post","status-publish","format-standard","has-post-thumbnail","hentry","category-noticias-generales"],"lang":"es","translations":{"es":13343,"pt":13346},"pll_sync_post":[],"post_mailing_queue_ids":[],"_links":{"self":[{"href":"http:\/\/staging.ibermusicas.org\/index.php\/wp-json\/wp\/v2\/posts\/13343","targetHints":{"allow":["GET"]}}],"collection":[{"href":"http:\/\/staging.ibermusicas.org\/index.php\/wp-json\/wp\/v2\/posts"}],"about":[{"href":"http:\/\/staging.ibermusicas.org\/index.php\/wp-json\/wp\/v2\/types\/post"}],"author":[{"embeddable":true,"href":"http:\/\/staging.ibermusicas.org\/index.php\/wp-json\/wp\/v2\/users\/1"}],"replies":[{"embeddable":true,"href":"http:\/\/staging.ibermusicas.org\/index.php\/wp-json\/wp\/v2\/comments?post=13343"}],"version-history":[{"count":1,"href":"http:\/\/staging.ibermusicas.org\/index.php\/wp-json\/wp\/v2\/posts\/13343\/revisions"}],"predecessor-version":[{"id":13345,"href":"http:\/\/staging.ibermusicas.org\/index.php\/wp-json\/wp\/v2\/posts\/13343\/revisions\/13345"}],"wp:featuredmedia":[{"embeddable":true,"href":"http:\/\/staging.ibermusicas.org\/index.php\/wp-json\/wp\/v2\/media\/13344"}],"wp:attachment":[{"href":"http:\/\/staging.ibermusicas.org\/index.php\/wp-json\/wp\/v2\/media?parent=13343"}],"wp:term":[{"taxonomy":"category","embeddable":true,"href":"http:\/\/staging.ibermusicas.org\/index.php\/wp-json\/wp\/v2\/categories?post=13343"},{"taxonomy":"post_tag","embeddable":true,"href":"http:\/\/staging.ibermusicas.org\/index.php\/wp-json\/wp\/v2\/tags?post=13343"}],"curies":[{"name":"wp","href":"https:\/\/api.w.org\/{rel}","templated":true}]}}