{"id":13346,"date":"2022-09-15T14:12:02","date_gmt":"2022-09-15T14:12:02","guid":{"rendered":"http:\/\/staging.ibermusicas.org\/?p=13346"},"modified":"2022-10-03T02:30:09","modified_gmt":"2022-10-03T02:30:09","slug":"a-agrupacao-mexicana-tawayra-vocal-music-of-the-americas-apresenta-feelin-guacamaya","status":"publish","type":"post","link":"http:\/\/staging.ibermusicas.org\/index.php\/a-agrupacao-mexicana-tawayra-vocal-music-of-the-americas-apresenta-feelin-guacamaya\/","title":{"rendered":"A agrupa\u00e7\u00e3o mexicana Tawayra Vocal Music of the Americas apresenta Feelin\u2019 Guacamaya"},"content":{"rendered":"<p>Tawayra \u00e9 um quinteto a cappella que revela a riqueza cultural atrav\u00e9s de uma ampla gama de cores, timbres, tonalidades e ritmos da Am\u00e9rica Latina. O principal objetivo deste conjunto \u00e9 dar a conhecer, atrav\u00e9s de adapta\u00e7\u00f5es contempor\u00e2neas, a grande variedade de m\u00fasica existente no continente americano, como os v\u00e1rios sones, tanto cubanos como mexicanos, tango, candombe, bossa nova; m\u00fasica de origem africana de todas as costas, tanto do Pac\u00edfico, como do Atl\u00e2ntico e do Caribe; m\u00fasica de origem ind\u00edgena; e do continente norte-americano, m\u00fasicas t\u00edpicas do jazz, blues, reggae, etc.<\/p>\n<p>S\u00e1bado, 17 de setembro, 19hs (hor\u00e1rio do M\u00e9xico)<\/p>\n","protected":false},"excerpt":{"rendered":"<p>Tawayra \u00e9 um quinteto a cappella que revela a riqueza cultural atrav\u00e9s de uma ampla gama de cores, timbres, tonalidades e ritmos da Am\u00e9rica Latina. O principal objetivo deste conjunto \u00e9 dar a conhecer, atrav\u00e9s de adapta\u00e7\u00f5es contempor\u00e2neas, a grande variedade de m\u00fasica existente no continente americano, como os v\u00e1rios sones, tanto cubanos como mexicanos, [&hellip;]<\/p>\n","protected":false},"author":1,"featured_media":13344,"comment_status":"closed","ping_status":"closed","sticky":false,"template":"","format":"standard","meta":{"footnotes":""},"categories":[218],"tags":[],"class_list":["post-13346","post","type-post","status-publish","format-standard","has-post-thumbnail","hentry","category-noticias-generales-pt"],"lang":"pt","translations":{"pt":13346,"es":13343},"pll_sync_post":[],"post_mailing_queue_ids":[],"_links":{"self":[{"href":"http:\/\/staging.ibermusicas.org\/index.php\/wp-json\/wp\/v2\/posts\/13346","targetHints":{"allow":["GET"]}}],"collection":[{"href":"http:\/\/staging.ibermusicas.org\/index.php\/wp-json\/wp\/v2\/posts"}],"about":[{"href":"http:\/\/staging.ibermusicas.org\/index.php\/wp-json\/wp\/v2\/types\/post"}],"author":[{"embeddable":true,"href":"http:\/\/staging.ibermusicas.org\/index.php\/wp-json\/wp\/v2\/users\/1"}],"replies":[{"embeddable":true,"href":"http:\/\/staging.ibermusicas.org\/index.php\/wp-json\/wp\/v2\/comments?post=13346"}],"version-history":[{"count":1,"href":"http:\/\/staging.ibermusicas.org\/index.php\/wp-json\/wp\/v2\/posts\/13346\/revisions"}],"predecessor-version":[{"id":13347,"href":"http:\/\/staging.ibermusicas.org\/index.php\/wp-json\/wp\/v2\/posts\/13346\/revisions\/13347"}],"wp:featuredmedia":[{"embeddable":true,"href":"http:\/\/staging.ibermusicas.org\/index.php\/wp-json\/wp\/v2\/media\/13344"}],"wp:attachment":[{"href":"http:\/\/staging.ibermusicas.org\/index.php\/wp-json\/wp\/v2\/media?parent=13346"}],"wp:term":[{"taxonomy":"category","embeddable":true,"href":"http:\/\/staging.ibermusicas.org\/index.php\/wp-json\/wp\/v2\/categories?post=13346"},{"taxonomy":"post_tag","embeddable":true,"href":"http:\/\/staging.ibermusicas.org\/index.php\/wp-json\/wp\/v2\/tags?post=13346"}],"curies":[{"name":"wp","href":"https:\/\/api.w.org\/{rel}","templated":true}]}}