{"id":13358,"date":"2022-09-15T16:54:01","date_gmt":"2022-09-15T16:54:01","guid":{"rendered":"http:\/\/staging.ibermusicas.org\/?p=13358"},"modified":"2022-10-03T02:23:23","modified_gmt":"2022-10-03T02:23:23","slug":"el-ensamble-de-musica-antigua-bona-fe-de-mexico-se-presentara-en-el-9no-festival-del-barroco-latinoamericano-de-peru","status":"publish","type":"post","link":"http:\/\/staging.ibermusicas.org\/index.php\/el-ensamble-de-musica-antigua-bona-fe-de-mexico-se-presentara-en-el-9no-festival-del-barroco-latinoamericano-de-peru\/","title":{"rendered":"El ensamble de M\u00fasica Antigua Bona Fe de M\u00e9xico se presentar\u00e1 en el 9no Festival del Barroco Latinoamericano de Per\u00fa"},"content":{"rendered":"<p>Bona Fe se dedica a la interpretaci\u00f3n de m\u00fasica antigua, con especial inter\u00e9s en el estudio y la divulgaci\u00f3n de los variados repertorios del periodo novohispano. Cada proyecto es formado y abordado desde alguna perspectiva tem\u00e1tica, buscando expresar dimensiones hist\u00f3ricas, art\u00edsticas y po\u00e9ticas del hecho musical. La mayor\u00eda de las obras que conforman los programas son producto de investigaciones y trabajos de transcripci\u00f3n paleogr\u00e1fica, por lo general in\u00e9ditas y poco conocidas. Esto le da un sentido a la agrupaci\u00f3n como espacio divulgador de la cultura musical novohispana. En esa b\u00fasqueda formal se incorporan elementos extramusicales afines al contexto art\u00edstico y literario de las obras.<\/p>\n<p>&nbsp;<\/p>\n<p>La piedad cristiana y el culto a los santos fueron transmitidos, recibidos y expresados de maneras distintas en los diversos contextos sociales y culturales de Am\u00e9rica, resignific\u00e1ndose a trav\u00e9s de lenguas, voces, bailes e instrumentos locales. El villancico \u2500por su car\u00e1cter festivo y popular\u2500 fue tal vez el g\u00e9nero po\u00e9tico-musical que mejor permiti\u00f3 la conexi\u00f3n de tan diversas y distintas percepciones con la religi\u00f3n cat\u00f3lica y la construcci\u00f3n de nuevos<\/p>\n<p>imaginarios religiosos. El programa que ser\u00e1 presentado por Bona Fe re\u00fane fundamentalmente villancicos pertenecientes a distintas comunidades de M\u00e9xico y Guatemala, que formaban parte de sus expresiones devocionales y festivas a santos, v\u00edrgenes y dem\u00e1s figuras de la religi\u00f3n cat\u00f3lica.<\/p>\n<p>&nbsp;<\/p>\n<p>Bona Fe est\u00e1 integrado por Ethel Gonz\u00e1lez Horta en direcci\u00f3n musical,<\/p>\n<p>Nadia Ortega Petterson tiple I, Laura P\u00e9rez Rosillo tiple II, Francisco Mendoza Contreras tenor, Eloy Cruz en guitarra barroca y jarana, Rafael S\u00e1nchez Guevara en viola da gamba, Josafath Larios en percusi\u00f3n y B\u00e1rbara P\u00e9rez Ruiz en \u00f3rgano, investigaci\u00f3n musicol\u00f3gica y transcripciones<\/p>\n<p>&nbsp;<\/p>\n<p>23 de septiembre, 19:30 hs Iglesia de la Compa\u00f1\u00eda, Cuzco, Per\u00fa<\/p>\n<p>25 de septiembre 16:30 hs Catedral de Juli, Puno, Per\u00fa<\/p>\n<p><a href=\"https:\/\/www.youtube.com\/c\/IvanZignaigoProyectoMensurabilis\">https:\/\/www.youtube.com\/c\/IvanZignaigoProyectoMensurabili<\/a>s<\/p>\n","protected":false},"excerpt":{"rendered":"<p>Bona Fe se dedica a la interpretaci\u00f3n de m\u00fasica antigua, con especial inter\u00e9s en el estudio y la divulgaci\u00f3n de los variados repertorios del periodo novohispano. Cada proyecto es formado y abordado desde alguna perspectiva tem\u00e1tica, buscando expresar dimensiones hist\u00f3ricas, art\u00edsticas y po\u00e9ticas del hecho musical. La mayor\u00eda de las obras que conforman los programas [&hellip;]<\/p>\n","protected":false},"author":1,"featured_media":13359,"comment_status":"closed","ping_status":"closed","sticky":false,"template":"","format":"standard","meta":{"footnotes":""},"categories":[53],"tags":[],"class_list":["post-13358","post","type-post","status-publish","format-standard","has-post-thumbnail","hentry","category-noticias-generales"],"lang":"es","translations":{"es":13358,"pt":13361},"pll_sync_post":[],"post_mailing_queue_ids":[],"_links":{"self":[{"href":"http:\/\/staging.ibermusicas.org\/index.php\/wp-json\/wp\/v2\/posts\/13358","targetHints":{"allow":["GET"]}}],"collection":[{"href":"http:\/\/staging.ibermusicas.org\/index.php\/wp-json\/wp\/v2\/posts"}],"about":[{"href":"http:\/\/staging.ibermusicas.org\/index.php\/wp-json\/wp\/v2\/types\/post"}],"author":[{"embeddable":true,"href":"http:\/\/staging.ibermusicas.org\/index.php\/wp-json\/wp\/v2\/users\/1"}],"replies":[{"embeddable":true,"href":"http:\/\/staging.ibermusicas.org\/index.php\/wp-json\/wp\/v2\/comments?post=13358"}],"version-history":[{"count":1,"href":"http:\/\/staging.ibermusicas.org\/index.php\/wp-json\/wp\/v2\/posts\/13358\/revisions"}],"predecessor-version":[{"id":13360,"href":"http:\/\/staging.ibermusicas.org\/index.php\/wp-json\/wp\/v2\/posts\/13358\/revisions\/13360"}],"wp:featuredmedia":[{"embeddable":true,"href":"http:\/\/staging.ibermusicas.org\/index.php\/wp-json\/wp\/v2\/media\/13359"}],"wp:attachment":[{"href":"http:\/\/staging.ibermusicas.org\/index.php\/wp-json\/wp\/v2\/media?parent=13358"}],"wp:term":[{"taxonomy":"category","embeddable":true,"href":"http:\/\/staging.ibermusicas.org\/index.php\/wp-json\/wp\/v2\/categories?post=13358"},{"taxonomy":"post_tag","embeddable":true,"href":"http:\/\/staging.ibermusicas.org\/index.php\/wp-json\/wp\/v2\/tags?post=13358"}],"curies":[{"name":"wp","href":"https:\/\/api.w.org\/{rel}","templated":true}]}}