{"id":13361,"date":"2022-09-15T16:55:07","date_gmt":"2022-09-15T16:55:07","guid":{"rendered":"http:\/\/staging.ibermusicas.org\/?p=13361"},"modified":"2022-10-03T02:30:02","modified_gmt":"2022-10-03T02:30:02","slug":"o-ensamble-de-musica-antiga-bona-fe-do-mexico-se-apresentara-no-9o-festival-latino-americano-de-barroco-no-peru","status":"publish","type":"post","link":"http:\/\/staging.ibermusicas.org\/index.php\/o-ensamble-de-musica-antiga-bona-fe-do-mexico-se-apresentara-no-9o-festival-latino-americano-de-barroco-no-peru\/","title":{"rendered":"O ensamble de M\u00fasica Antiga Bona F\u00e9 do M\u00e9xico se apresentar\u00e1 no 9\u00ba Festival Latino-Americano de Barroco no Peru"},"content":{"rendered":"<p>Bona F\u00e9 \u00e9 dedicado \u00e0 performance de m\u00fasica antiga, com especial interesse no estudo e divulga\u00e7\u00e3o dos v\u00e1rios repert\u00f3rios do per\u00edodo novo-hisp\u00e2nico. Cada projeto \u00e9 formado e abordado a partir de alguma perspectiva tem\u00e1tica, buscando expressar dimens\u00f5es hist\u00f3ricas, art\u00edsticas e po\u00e9ticas do fato musical. A maioria dos trabalhos que comp\u00f5em os programas \u00e9 fruto de trabalhos de pesquisa e transcri\u00e7\u00e3o paleogr\u00e1fica, geralmente in\u00e9ditos e pouco conhecidos. Isso d\u00e1 sentido ao grupo como um espa\u00e7o de divulga\u00e7\u00e3o da cultura musical da Nova Espanha. Nessa busca formal, s\u00e3o incorporados elementos extramusicais relacionados ao contexto art\u00edstico e liter\u00e1rio das obras.<\/p>\n<p>A piedade crist\u00e3 e o culto aos santos foram transmitidos, recebidos e expressos de diversas formas nos diversos contextos sociais e culturais da Am\u00e9rica, redefinindo-se atrav\u00e9s de linguagens, vozes, dan\u00e7as e instrumentos locais. A can\u00e7\u00e3o natalina \u2500pelo seu car\u00e1ter festivo e popular\u2500 foi talvez o g\u00eanero po\u00e9tico-musical que melhor permitiu a conex\u00e3o de percep\u00e7\u00f5es t\u00e3o diversas e diferentes com a religi\u00e3o cat\u00f3lica e a constru\u00e7\u00e3o de novos imagin\u00e1rios religiosos. O programa que ser\u00e1 apresentado por Bona Fe re\u00fane basicamente can\u00e7\u00f5es natalinas pertencentes a diferentes comunidades do M\u00e9xico e da Guatemala, que fizeram parte de suas express\u00f5es devocionais e festivas a santos, virgens e outras figuras da religi\u00e3o cat\u00f3lica.<\/p>\n<p>Bona Fe \u00e9 composto por Ethel Gonz\u00e1lez Horta na dire\u00e7\u00e3o musical, Nadia Ortega Petterson tiple I, Laura P\u00e9rez Rosillo tiple II, Francisco Mendoza Contreras tenor, Eloy Cruz na guitarra barroca e jarana, Rafael S\u00e1nchez Guevara na viola da gamba, Josafath Larios na percuss\u00e3o e B\u00e1rbara P\u00e9rez Ruiz no \u00f3rg\u00e3o, pesquisa musicol\u00f3gica e transcri\u00e7\u00f5es.<\/p>\n<p>&nbsp;<\/p>\n<p>23 de setembro, 19:30 Iglesia de la Compa\u00f1\u00eda, Cuzco, Peru<\/p>\n<p>25 de setembro, 16:30 Catedral de Juli, Puno, Peru<\/p>\n<p>https:\/\/www.youtube.com\/ c \/Projeto Ivan Zignaigo Mensurabilis<\/p>\n","protected":false},"excerpt":{"rendered":"<p>Bona F\u00e9 \u00e9 dedicado \u00e0 performance de m\u00fasica antiga, com especial interesse no estudo e divulga\u00e7\u00e3o dos v\u00e1rios repert\u00f3rios do per\u00edodo novo-hisp\u00e2nico. Cada projeto \u00e9 formado e abordado a partir de alguma perspectiva tem\u00e1tica, buscando expressar dimens\u00f5es hist\u00f3ricas, art\u00edsticas e po\u00e9ticas do fato musical. A maioria dos trabalhos que comp\u00f5em os programas \u00e9 fruto de [&hellip;]<\/p>\n","protected":false},"author":1,"featured_media":13359,"comment_status":"closed","ping_status":"closed","sticky":false,"template":"","format":"standard","meta":{"footnotes":""},"categories":[218],"tags":[],"class_list":["post-13361","post","type-post","status-publish","format-standard","has-post-thumbnail","hentry","category-noticias-generales-pt"],"lang":"pt","translations":{"pt":13361,"es":13358},"pll_sync_post":[],"post_mailing_queue_ids":[],"_links":{"self":[{"href":"http:\/\/staging.ibermusicas.org\/index.php\/wp-json\/wp\/v2\/posts\/13361","targetHints":{"allow":["GET"]}}],"collection":[{"href":"http:\/\/staging.ibermusicas.org\/index.php\/wp-json\/wp\/v2\/posts"}],"about":[{"href":"http:\/\/staging.ibermusicas.org\/index.php\/wp-json\/wp\/v2\/types\/post"}],"author":[{"embeddable":true,"href":"http:\/\/staging.ibermusicas.org\/index.php\/wp-json\/wp\/v2\/users\/1"}],"replies":[{"embeddable":true,"href":"http:\/\/staging.ibermusicas.org\/index.php\/wp-json\/wp\/v2\/comments?post=13361"}],"version-history":[{"count":1,"href":"http:\/\/staging.ibermusicas.org\/index.php\/wp-json\/wp\/v2\/posts\/13361\/revisions"}],"predecessor-version":[{"id":13362,"href":"http:\/\/staging.ibermusicas.org\/index.php\/wp-json\/wp\/v2\/posts\/13361\/revisions\/13362"}],"wp:featuredmedia":[{"embeddable":true,"href":"http:\/\/staging.ibermusicas.org\/index.php\/wp-json\/wp\/v2\/media\/13359"}],"wp:attachment":[{"href":"http:\/\/staging.ibermusicas.org\/index.php\/wp-json\/wp\/v2\/media?parent=13361"}],"wp:term":[{"taxonomy":"category","embeddable":true,"href":"http:\/\/staging.ibermusicas.org\/index.php\/wp-json\/wp\/v2\/categories?post=13361"},{"taxonomy":"post_tag","embeddable":true,"href":"http:\/\/staging.ibermusicas.org\/index.php\/wp-json\/wp\/v2\/tags?post=13361"}],"curies":[{"name":"wp","href":"https:\/\/api.w.org\/{rel}","templated":true}]}}