{"id":13363,"date":"2022-09-15T16:57:02","date_gmt":"2022-09-15T16:57:02","guid":{"rendered":"http:\/\/staging.ibermusicas.org\/?p=13363"},"modified":"2022-09-15T16:57:02","modified_gmt":"2022-09-15T16:57:02","slug":"el-grupo-brasileno-pieta-se-presentara-en-espana-y-portugal","status":"publish","type":"post","link":"http:\/\/staging.ibermusicas.org\/index.php\/el-grupo-brasileno-pieta-se-presentara-en-espana-y-portugal\/","title":{"rendered":"El grupo brasile\u00f1o Piet\u00e1 se presentar\u00e1 en Espa\u00f1a y Portugal"},"content":{"rendered":"<p>La banda debuta en Portugal en su primera gira europea con el nuevo espect\u00e1culo \u00abNasci no Brasil\u00bb, donde cantan el \u00abfuego\u00bb que es ser brasile\u00f1o mezclado con la poes\u00eda que su gente trae en esencia, adem\u00e1s de las influencias de la samba y todas las fusiones musicales tan caracter\u00edsticas del trabajo de Piet\u00e1.<\/p>\n<p>&nbsp;<\/p>\n<p>Pasando por diferentes ritmos y temas, el repertorio es mayoritariamente de elaboraci\u00f3n propia y revela el inter\u00e9s del tr\u00edo por resaltar la producci\u00f3n de la m\u00fasica popular brasile\u00f1a contempor\u00e1nea. Piet\u00e1 naci\u00f3 del encuentro de Juliana Linhares, Fred Demarca y Rafael Lorga, un encuentro apoyado en la teatralidad de los artistas, algo claro en las irreverentes actuaciones en el escenario.<\/p>\n<p>&nbsp;<\/p>\n<p>&nbsp;<\/p>\n<p>23 de septiembre &#8211; Festival de Mar\u00e9 (Santiago de Compostela)<\/p>\n<p>29 de septiembre &#8211; Tempo Club (Madrid)<\/p>\n<p>30 de septiembre &#8211; Sal\u00f3n Brasil (Coimbra)<\/p>\n<p>1 de octubre &#8211; M.ou.co (Oporto)<\/p>\n<p>7 de octubre &#8211; B.O.T.A. (Lisboa)<\/p>\n<p>9 de octubre &#8211; MusicBox (Lisboa)<\/p>\n","protected":false},"excerpt":{"rendered":"<p>La banda debuta en Portugal en su primera gira europea con el nuevo espect\u00e1culo \u00abNasci no Brasil\u00bb, donde cantan el \u00abfuego\u00bb que es ser brasile\u00f1o mezclado con la poes\u00eda que su gente trae en esencia, adem\u00e1s de las influencias de la samba y todas las fusiones musicales tan caracter\u00edsticas del trabajo de Piet\u00e1. &nbsp; Pasando [&hellip;]<\/p>\n","protected":false},"author":1,"featured_media":13364,"comment_status":"closed","ping_status":"closed","sticky":false,"template":"","format":"standard","meta":{"footnotes":""},"categories":[53],"tags":[],"class_list":["post-13363","post","type-post","status-publish","format-standard","has-post-thumbnail","hentry","category-noticias-generales"],"lang":"es","translations":{"es":13363,"pt":13366},"pll_sync_post":[],"post_mailing_queue_ids":[],"_links":{"self":[{"href":"http:\/\/staging.ibermusicas.org\/index.php\/wp-json\/wp\/v2\/posts\/13363","targetHints":{"allow":["GET"]}}],"collection":[{"href":"http:\/\/staging.ibermusicas.org\/index.php\/wp-json\/wp\/v2\/posts"}],"about":[{"href":"http:\/\/staging.ibermusicas.org\/index.php\/wp-json\/wp\/v2\/types\/post"}],"author":[{"embeddable":true,"href":"http:\/\/staging.ibermusicas.org\/index.php\/wp-json\/wp\/v2\/users\/1"}],"replies":[{"embeddable":true,"href":"http:\/\/staging.ibermusicas.org\/index.php\/wp-json\/wp\/v2\/comments?post=13363"}],"version-history":[{"count":1,"href":"http:\/\/staging.ibermusicas.org\/index.php\/wp-json\/wp\/v2\/posts\/13363\/revisions"}],"predecessor-version":[{"id":13365,"href":"http:\/\/staging.ibermusicas.org\/index.php\/wp-json\/wp\/v2\/posts\/13363\/revisions\/13365"}],"wp:featuredmedia":[{"embeddable":true,"href":"http:\/\/staging.ibermusicas.org\/index.php\/wp-json\/wp\/v2\/media\/13364"}],"wp:attachment":[{"href":"http:\/\/staging.ibermusicas.org\/index.php\/wp-json\/wp\/v2\/media?parent=13363"}],"wp:term":[{"taxonomy":"category","embeddable":true,"href":"http:\/\/staging.ibermusicas.org\/index.php\/wp-json\/wp\/v2\/categories?post=13363"},{"taxonomy":"post_tag","embeddable":true,"href":"http:\/\/staging.ibermusicas.org\/index.php\/wp-json\/wp\/v2\/tags?post=13363"}],"curies":[{"name":"wp","href":"https:\/\/api.w.org\/{rel}","templated":true}]}}