{"id":13366,"date":"2022-09-15T16:58:31","date_gmt":"2022-09-15T16:58:31","guid":{"rendered":"http:\/\/staging.ibermusicas.org\/?p=13366"},"modified":"2022-09-15T16:58:31","modified_gmt":"2022-09-15T16:58:31","slug":"a-banda-brasileira-pieta-se-apresenta-em-espanha-e-portugal","status":"publish","type":"post","link":"http:\/\/staging.ibermusicas.org\/index.php\/a-banda-brasileira-pieta-se-apresenta-em-espanha-e-portugal\/","title":{"rendered":"A banda brasileira Piet\u00e1 se apresenta em Espanha e Portugal"},"content":{"rendered":"<p>A banda estreia em Portugal na sua primeira turn\u00ea europeia com o novo show \u201cNasci no Brasil\u201d, onde cantam o \u201cfogo\u201d que \u00e9 ser brasileiro misturado \u00e0 poesia que o seu povo traz na ess\u00eancia, al\u00e9m das influ\u00eancias do samba e todas as fus\u00f5es musicais t\u00e3o caracter\u00edsticas do trabalho do Piet\u00e1.<\/p>\n<p>&nbsp;<\/p>\n<p>Transitando por diferentes ritmos e tem\u00e1ticas, o repert\u00f3rio majoritariamente autoral revela o interesse do trio em exaltar a produ\u00e7\u00e3o da m\u00fasica popular brasileira contempor\u00e2nea. Piet\u00e1 nasce do encontro de Juliana Linhares, Fred Demarca e Rafael Lorga, um encontro respaldado pela teatralidade dos artistas, algo claro nas performances irreverentes no palco.<\/p>\n<p>&nbsp;<\/p>\n<p>&nbsp;<\/p>\n<p>23 de setembro \u2013 Festival Mar\u00e9 (Santiago de Compostela)<\/p>\n<p>29 de setembro \u2013 Tempo Club (Madrid)<\/p>\n<p>30 de setembro \u2013 Sal\u00e3o Brazil (Coimbra)<\/p>\n<p>1 de outubro \u2013 M.ou.co (Porto)<\/p>\n<p>7 de outubro \u2013 B.O.T.A. (Lisboa)<\/p>\n<p>9 de outubro \u2013 MusicBox (Lisboa)<\/p>\n","protected":false},"excerpt":{"rendered":"<p>A banda estreia em Portugal na sua primeira turn\u00ea europeia com o novo show \u201cNasci no Brasil\u201d, onde cantam o \u201cfogo\u201d que \u00e9 ser brasileiro misturado \u00e0 poesia que o seu povo traz na ess\u00eancia, al\u00e9m das influ\u00eancias do samba e todas as fus\u00f5es musicais t\u00e3o caracter\u00edsticas do trabalho do Piet\u00e1. &nbsp; Transitando por diferentes [&hellip;]<\/p>\n","protected":false},"author":1,"featured_media":13364,"comment_status":"closed","ping_status":"closed","sticky":false,"template":"","format":"standard","meta":{"footnotes":""},"categories":[218],"tags":[],"class_list":["post-13366","post","type-post","status-publish","format-standard","has-post-thumbnail","hentry","category-noticias-generales-pt"],"lang":"pt","translations":{"pt":13366,"es":13363},"pll_sync_post":[],"post_mailing_queue_ids":[],"_links":{"self":[{"href":"http:\/\/staging.ibermusicas.org\/index.php\/wp-json\/wp\/v2\/posts\/13366","targetHints":{"allow":["GET"]}}],"collection":[{"href":"http:\/\/staging.ibermusicas.org\/index.php\/wp-json\/wp\/v2\/posts"}],"about":[{"href":"http:\/\/staging.ibermusicas.org\/index.php\/wp-json\/wp\/v2\/types\/post"}],"author":[{"embeddable":true,"href":"http:\/\/staging.ibermusicas.org\/index.php\/wp-json\/wp\/v2\/users\/1"}],"replies":[{"embeddable":true,"href":"http:\/\/staging.ibermusicas.org\/index.php\/wp-json\/wp\/v2\/comments?post=13366"}],"version-history":[{"count":1,"href":"http:\/\/staging.ibermusicas.org\/index.php\/wp-json\/wp\/v2\/posts\/13366\/revisions"}],"predecessor-version":[{"id":13367,"href":"http:\/\/staging.ibermusicas.org\/index.php\/wp-json\/wp\/v2\/posts\/13366\/revisions\/13367"}],"wp:featuredmedia":[{"embeddable":true,"href":"http:\/\/staging.ibermusicas.org\/index.php\/wp-json\/wp\/v2\/media\/13364"}],"wp:attachment":[{"href":"http:\/\/staging.ibermusicas.org\/index.php\/wp-json\/wp\/v2\/media?parent=13366"}],"wp:term":[{"taxonomy":"category","embeddable":true,"href":"http:\/\/staging.ibermusicas.org\/index.php\/wp-json\/wp\/v2\/categories?post=13366"},{"taxonomy":"post_tag","embeddable":true,"href":"http:\/\/staging.ibermusicas.org\/index.php\/wp-json\/wp\/v2\/tags?post=13366"}],"curies":[{"name":"wp","href":"https:\/\/api.w.org\/{rel}","templated":true}]}}