{"id":13368,"date":"2022-09-15T17:00:34","date_gmt":"2022-09-15T17:00:34","guid":{"rendered":"http:\/\/staging.ibermusicas.org\/?p=13368"},"modified":"2022-10-03T02:23:17","modified_gmt":"2022-10-03T02:23:17","slug":"buh-records-de-peru-presenta-celebrando-a-jaqueline-nova","status":"publish","type":"post","link":"http:\/\/staging.ibermusicas.org\/index.php\/buh-records-de-peru-presenta-celebrando-a-jaqueline-nova\/","title":{"rendered":"Buh Records de Per\u00fa presenta Celebrando a Jaqueline Nova"},"content":{"rendered":"<p>Buh Records presenta la publicaci\u00f3n de un \u00e1lbum retrospectivo documental en formato de doble vinilo y a trav\u00e9s de plataformas digitales. Con esta publicaci\u00f3n procuran poner a disposici\u00f3n del p\u00fablico una muestra representativa de la importante obra electr\u00f3nica pionera y vanguardista de la compositora colombiana Jaqueline Nova. La edici\u00f3n f\u00edsica del vinilo incluir\u00e1 un folleto interno con amplia informaci\u00f3n y documentaci\u00f3n visual de la compositora.<\/p>\n<p>&nbsp;<\/p>\n<p>Jacqueline Nova Sondag. Naci\u00f3 en Gante, B\u00e9lgica, pa\u00eds de origen de su madre, en 1935, mismo a\u00f1o en que la familia Nova Sondag parti\u00f3 hacia Bucaramanga, ciudad del padre y donde Jacqueline pas\u00f3 su infancia y adolescencia. Nova fue la primera compositora colombiana graduada del Conservatorio Nacional de M\u00fasica de la Universidad Nacional (1967), despu\u00e9s de lo cual (entre 1967 y 1968), vivi\u00f3 en Buenos Aires como becaria del Centro Latinoamericano de Altos Estudios Musicales (CLAEM), del Instituto Torcuato di Tella. All\u00ed cont\u00f3 con el ambiente propicio para crear dentro de lenguajes vanguardistas y se encontr\u00f3 con un laboratorio dotado con tecnolog\u00eda de punta que le permiti\u00f3 ahondar en las indagaciones que hab\u00eda adelantado en Colombia, pero que la falta de infraestructura no le permiti\u00f3 desarrollar. A partir de ese momento fue constante en su trabajo la creaci\u00f3n para medios mixtos (instrumentos ac\u00fasticos convencionales en conjunto con los medios electr\u00f3nicos) y la creaci\u00f3n interdisciplinaria. A su retorno a Colombia desarroll\u00f3 una gran cantidad de actividades paralelas a la composici\u00f3n musical, todas encausadas a la divulgaci\u00f3n de la m\u00fasica contempor\u00e1nea y que, en su momento, fueron las primeras de esa naturaleza en el pa\u00eds.<\/p>\n<p>&nbsp;<\/p>\n<p>Jacqueline Nova muri\u00f3 en Bogot\u00e1 en 1975, ya cumplidos los cuarenta a\u00f1os. Su tr\u00e1gica y temprana muerte no s\u00f3lo trunc\u00f3 una carrera en plena fuerza creativa, sino que afect\u00f3 de manera directa el desarrollo de la m\u00fasica electroac\u00fastica en el pa\u00eds ya que tras su muerte hubo un gran silencio de m\u00e1s de una d\u00e9cada en la creaci\u00f3n musical con medios electr\u00f3nicos en Colombia.<\/p>\n<p>&nbsp;<\/p>\n<p>Viernes 23 de septiembre en <a href=\"https:\/\/www.facebook.com\/buhrecords\">https:\/\/www.facebook.com\/buhrecords<\/a><\/p>\n","protected":false},"excerpt":{"rendered":"<p>Buh Records presenta la publicaci\u00f3n de un \u00e1lbum retrospectivo documental en formato de doble vinilo y a trav\u00e9s de plataformas digitales. Con esta publicaci\u00f3n procuran poner a disposici\u00f3n del p\u00fablico una muestra representativa de la importante obra electr\u00f3nica pionera y vanguardista de la compositora colombiana Jaqueline Nova. La edici\u00f3n f\u00edsica del vinilo incluir\u00e1 un folleto [&hellip;]<\/p>\n","protected":false},"author":1,"featured_media":13369,"comment_status":"closed","ping_status":"closed","sticky":false,"template":"","format":"standard","meta":{"footnotes":""},"categories":[53],"tags":[],"class_list":["post-13368","post","type-post","status-publish","format-standard","has-post-thumbnail","hentry","category-noticias-generales"],"lang":"es","translations":{"es":13368,"pt":13371},"pll_sync_post":[],"post_mailing_queue_ids":[],"_links":{"self":[{"href":"http:\/\/staging.ibermusicas.org\/index.php\/wp-json\/wp\/v2\/posts\/13368","targetHints":{"allow":["GET"]}}],"collection":[{"href":"http:\/\/staging.ibermusicas.org\/index.php\/wp-json\/wp\/v2\/posts"}],"about":[{"href":"http:\/\/staging.ibermusicas.org\/index.php\/wp-json\/wp\/v2\/types\/post"}],"author":[{"embeddable":true,"href":"http:\/\/staging.ibermusicas.org\/index.php\/wp-json\/wp\/v2\/users\/1"}],"replies":[{"embeddable":true,"href":"http:\/\/staging.ibermusicas.org\/index.php\/wp-json\/wp\/v2\/comments?post=13368"}],"version-history":[{"count":1,"href":"http:\/\/staging.ibermusicas.org\/index.php\/wp-json\/wp\/v2\/posts\/13368\/revisions"}],"predecessor-version":[{"id":13370,"href":"http:\/\/staging.ibermusicas.org\/index.php\/wp-json\/wp\/v2\/posts\/13368\/revisions\/13370"}],"wp:featuredmedia":[{"embeddable":true,"href":"http:\/\/staging.ibermusicas.org\/index.php\/wp-json\/wp\/v2\/media\/13369"}],"wp:attachment":[{"href":"http:\/\/staging.ibermusicas.org\/index.php\/wp-json\/wp\/v2\/media?parent=13368"}],"wp:term":[{"taxonomy":"category","embeddable":true,"href":"http:\/\/staging.ibermusicas.org\/index.php\/wp-json\/wp\/v2\/categories?post=13368"},{"taxonomy":"post_tag","embeddable":true,"href":"http:\/\/staging.ibermusicas.org\/index.php\/wp-json\/wp\/v2\/tags?post=13368"}],"curies":[{"name":"wp","href":"https:\/\/api.w.org\/{rel}","templated":true}]}}