{"id":13371,"date":"2022-09-15T17:01:54","date_gmt":"2022-09-15T17:01:54","guid":{"rendered":"http:\/\/staging.ibermusicas.org\/?p=13371"},"modified":"2022-10-03T02:29:55","modified_gmt":"2022-10-03T02:29:55","slug":"buh-records-do-peru-apresenta-celebrando-a-jaqueline-nova","status":"publish","type":"post","link":"http:\/\/staging.ibermusicas.org\/index.php\/buh-records-do-peru-apresenta-celebrando-a-jaqueline-nova\/","title":{"rendered":"Buh Records do Peru apresenta Celebrando a Jaqueline Nova"},"content":{"rendered":"<p>Buh Records apresenta a publica\u00e7\u00e3o de um \u00e1lbum retrospectivo documental em formato de vinil duplo e atrav\u00e9s de plataformas digitais. Com esta publica\u00e7\u00e3o procuram colocar \u00e0 disposi\u00e7\u00e3o do p\u00fablico uma amostra representativa da importante obra eletr\u00f4nica pioneira e vanguardista da compositora colombiana Jaqueline Nova. A edi\u00e7\u00e3o f\u00edsica do vinil incluir\u00e1 um livreto interno com ampla informa\u00e7\u00e3o e documenta\u00e7\u00e3o visual do compositora.<\/p>\n<p>Jacqueline Nova Sondag nasceu em Gante, na B\u00e9lgica, pa\u00eds de origem de sua m\u00e3e, em 1935, mesmo ano em que a fam\u00edlia Nova Sondag partiu para Bucaramanga, cidade de seu pai e onde Jacqueline passou sua inf\u00e2ncia e adolesc\u00eancia. Nova foi a primeira compositora colombiana a se formar no Conservat\u00f3rio Nacional de M\u00fasica da Universidade Nacional (1967), ap\u00f3s o que (entre 1967 e 1968), viveu em Buenos Aires como bolsista do Centro Latino-Americano de Altos Estudos Musicais (CLAEM), do Instituto Torcuato di Tella. L\u00e1 ele teve o ambiente certo para criar em linguagens de vanguarda e encontrou um laborat\u00f3rio equipado com tecnologia de ponta que lhe permitiu mergulhar nas investiga\u00e7\u00f5es que havia realizado na Col\u00f4mbia, mas que a falta de infra-estrutura n\u00e3o permitiu que ele se desenvolvesse. A partir desse momento, a cria\u00e7\u00e3o para m\u00eddias mistas (instrumentos ac\u00fasticos convencionais em conjunto com a m\u00eddia eletr\u00f4nica) e a cria\u00e7\u00e3o interdisciplinar foram constantes em seu trabalho. Ao retornar \u00e0 Col\u00f4mbia, desenvolveu um grande n\u00famero de atividades paralelas \u00e0 composi\u00e7\u00e3o musical, todas voltadas para a divulga\u00e7\u00e3o da m\u00fasica contempor\u00e2nea e que, na \u00e9poca, eram as primeiras dessa natureza no pa\u00eds.<\/p>\n<p>Jacqueline Nova morreu em Bogot\u00e1 em 1975, quando tinha quarenta anos. Sua morte tr\u00e1gica e precoce n\u00e3o s\u00f3 interrompeu uma carreira em plena for\u00e7a criativa, como tamb\u00e9m afetou diretamente o desenvolvimento da m\u00fasica eletroac\u00fastica no pa\u00eds, pois ap\u00f3s sua morte houve um grande sil\u00eancio de mais de uma d\u00e9cada na cria\u00e7\u00e3o musical com m\u00eddias eletr\u00f4nicas na Col\u00f4mbia.<\/p>\n<p>&nbsp;<\/p>\n<p>Sexta-feira, 23 de setembro em <a href=\"https:\/\/www.facebook.com\/buhrecords\">https:\/\/www.facebook.com\/buhrecords<\/a><\/p>\n","protected":false},"excerpt":{"rendered":"<p>Buh Records apresenta a publica\u00e7\u00e3o de um \u00e1lbum retrospectivo documental em formato de vinil duplo e atrav\u00e9s de plataformas digitais. Com esta publica\u00e7\u00e3o procuram colocar \u00e0 disposi\u00e7\u00e3o do p\u00fablico uma amostra representativa da importante obra eletr\u00f4nica pioneira e vanguardista da compositora colombiana Jaqueline Nova. A edi\u00e7\u00e3o f\u00edsica do vinil incluir\u00e1 um livreto interno com ampla [&hellip;]<\/p>\n","protected":false},"author":1,"featured_media":13369,"comment_status":"closed","ping_status":"closed","sticky":false,"template":"","format":"standard","meta":{"footnotes":""},"categories":[218],"tags":[],"class_list":["post-13371","post","type-post","status-publish","format-standard","has-post-thumbnail","hentry","category-noticias-generales-pt"],"lang":"pt","translations":{"pt":13371,"es":13368},"pll_sync_post":[],"post_mailing_queue_ids":[],"_links":{"self":[{"href":"http:\/\/staging.ibermusicas.org\/index.php\/wp-json\/wp\/v2\/posts\/13371","targetHints":{"allow":["GET"]}}],"collection":[{"href":"http:\/\/staging.ibermusicas.org\/index.php\/wp-json\/wp\/v2\/posts"}],"about":[{"href":"http:\/\/staging.ibermusicas.org\/index.php\/wp-json\/wp\/v2\/types\/post"}],"author":[{"embeddable":true,"href":"http:\/\/staging.ibermusicas.org\/index.php\/wp-json\/wp\/v2\/users\/1"}],"replies":[{"embeddable":true,"href":"http:\/\/staging.ibermusicas.org\/index.php\/wp-json\/wp\/v2\/comments?post=13371"}],"version-history":[{"count":1,"href":"http:\/\/staging.ibermusicas.org\/index.php\/wp-json\/wp\/v2\/posts\/13371\/revisions"}],"predecessor-version":[{"id":13372,"href":"http:\/\/staging.ibermusicas.org\/index.php\/wp-json\/wp\/v2\/posts\/13371\/revisions\/13372"}],"wp:featuredmedia":[{"embeddable":true,"href":"http:\/\/staging.ibermusicas.org\/index.php\/wp-json\/wp\/v2\/media\/13369"}],"wp:attachment":[{"href":"http:\/\/staging.ibermusicas.org\/index.php\/wp-json\/wp\/v2\/media?parent=13371"}],"wp:term":[{"taxonomy":"category","embeddable":true,"href":"http:\/\/staging.ibermusicas.org\/index.php\/wp-json\/wp\/v2\/categories?post=13371"},{"taxonomy":"post_tag","embeddable":true,"href":"http:\/\/staging.ibermusicas.org\/index.php\/wp-json\/wp\/v2\/tags?post=13371"}],"curies":[{"name":"wp","href":"https:\/\/api.w.org\/{rel}","templated":true}]}}