{"id":13378,"date":"2022-09-15T17:09:34","date_gmt":"2022-09-15T17:09:34","guid":{"rendered":"http:\/\/staging.ibermusicas.org\/?p=13378"},"modified":"2022-10-03T02:23:02","modified_gmt":"2022-10-03T02:23:02","slug":"el-duo-tortuga-alada-argentina-colombia-presenta-cuadernos-de-viaje-nro-2","status":"publish","type":"post","link":"http:\/\/staging.ibermusicas.org\/index.php\/el-duo-tortuga-alada-argentina-colombia-presenta-cuadernos-de-viaje-nro-2\/","title":{"rendered":"El d\u00fao Tortuga Alada (Argentina &#8211; Colombia) presenta Cuadernos de Viaje Nro 2"},"content":{"rendered":"<p>Tortuga Alada es el fortuito encuentro entre la chelista argentina Violeta Garc\u00eda y la saxofonista y clarinetista colombiana Mar\u00eda A. \u00abMange\u00bb Valencia. Rumbos, proyectos y locaciones geogr\u00e1ficas distintas, permitieron que en 2017 estas dos artistas se encontraran en Bogot\u00e1, Colombia. El resultado de este encuentro fue \u201cCuadernos de Viaje #1\u201d, un di\u00e1logo sincero entre las dos int\u00e9rpretes que contiene piezas originales e improvisaciones compuestas para y por el d\u00fao.<\/p>\n<p>&nbsp;<\/p>\n<p>El proyecto, Tortuga Alada \u201cCuadernos de Viaje #2\u201d, parte de la idea del di\u00e1logo que Violeta y Mar\u00eda han mantenido desde la creaci\u00f3n del grupo, quienes a pesar de residir en pa\u00edses distintos, a lo largo de estos a\u00f1os han mantenido viva la creaci\u00f3n conjunta. Como parte de este proceso las artistas grabaron y experimentaron juntas en dos ocasiones; una en Buenos Aires en 2018 y otra en Bogot\u00e1 en 2020. Teniendo este material, decidieron publicar su segunda producci\u00f3n discogr\u00e1fica.<\/p>\n<p>&nbsp;<\/p>\n<p>Para este trabajo, buscaron un complemento esencial que le pudiera dar un nuevo aire al disco. Es as\u00ed como nace la idea de poder crear y colaborar en conjunto con otras colegas y amigas latinoamericanas, con quienes Mar\u00eda y Violeta han tenido la fortuna de encontrarse en el camino musical y a quienes invitaron en esta ocasi\u00f3n, para ser parte de esta nueva aventura. Este proyecto busca ser una expansi\u00f3n de la sonoridad como d\u00fao, y ampliar el di\u00e1logo con mujeres con quienes tienen sinton\u00eda. Son parte tambi\u00e9n del proyecto Camila Nebbia (Arg) &#8211; Saxof\u00f3n, Livia Mattos (Bra) &#8211; Acorde\u00f3n, Juliana Gaona Villamizar (Col) &#8211; Oboe y corno ingl\u00e9s, Ana Mar\u00eda Ru\u00edz Valencia (Col) &#8211; Viol\u00edn, Manu Maltez (Bra) &#8211; Arte y Benjam\u00edn Calais (Col) &#8211; mezcla y masterizaci\u00f3n.<\/p>\n<p>&nbsp;<\/p>\n<p>28 de septiembre 28 en Le P\u00e9riscope, Lyon &#8211; Francia &#8211; 20:30h<\/p>\n<p>3 de octubre 3 en Porgy and Bess, Viena &#8211; Austria &#8211; 20:30h<\/p>\n<p>4 de octubre 4 en Cankarjev dom, Liubliana &#8211; Eslovenia 20:00h<\/p>\n<p>5 de octubre 5 en Staranzano, Italia &#8211; 20:30 pm<\/p>\n<p><a href=\"https:\/\/www.facebook.com\/TortugAlada\">https:\/\/www.facebook.com\/TortugAlada<\/a><\/p>\n","protected":false},"excerpt":{"rendered":"<p>Tortuga Alada es el fortuito encuentro entre la chelista argentina Violeta Garc\u00eda y la saxofonista y clarinetista colombiana Mar\u00eda A. \u00abMange\u00bb Valencia. Rumbos, proyectos y locaciones geogr\u00e1ficas distintas, permitieron que en 2017 estas dos artistas se encontraran en Bogot\u00e1, Colombia. El resultado de este encuentro fue \u201cCuadernos de Viaje #1\u201d, un di\u00e1logo sincero entre las [&hellip;]<\/p>\n","protected":false},"author":1,"featured_media":13379,"comment_status":"closed","ping_status":"closed","sticky":false,"template":"","format":"standard","meta":{"footnotes":""},"categories":[53],"tags":[],"class_list":["post-13378","post","type-post","status-publish","format-standard","has-post-thumbnail","hentry","category-noticias-generales"],"lang":"es","translations":{"es":13378,"pt":13381},"pll_sync_post":[],"post_mailing_queue_ids":[],"_links":{"self":[{"href":"http:\/\/staging.ibermusicas.org\/index.php\/wp-json\/wp\/v2\/posts\/13378","targetHints":{"allow":["GET"]}}],"collection":[{"href":"http:\/\/staging.ibermusicas.org\/index.php\/wp-json\/wp\/v2\/posts"}],"about":[{"href":"http:\/\/staging.ibermusicas.org\/index.php\/wp-json\/wp\/v2\/types\/post"}],"author":[{"embeddable":true,"href":"http:\/\/staging.ibermusicas.org\/index.php\/wp-json\/wp\/v2\/users\/1"}],"replies":[{"embeddable":true,"href":"http:\/\/staging.ibermusicas.org\/index.php\/wp-json\/wp\/v2\/comments?post=13378"}],"version-history":[{"count":1,"href":"http:\/\/staging.ibermusicas.org\/index.php\/wp-json\/wp\/v2\/posts\/13378\/revisions"}],"predecessor-version":[{"id":13380,"href":"http:\/\/staging.ibermusicas.org\/index.php\/wp-json\/wp\/v2\/posts\/13378\/revisions\/13380"}],"wp:featuredmedia":[{"embeddable":true,"href":"http:\/\/staging.ibermusicas.org\/index.php\/wp-json\/wp\/v2\/media\/13379"}],"wp:attachment":[{"href":"http:\/\/staging.ibermusicas.org\/index.php\/wp-json\/wp\/v2\/media?parent=13378"}],"wp:term":[{"taxonomy":"category","embeddable":true,"href":"http:\/\/staging.ibermusicas.org\/index.php\/wp-json\/wp\/v2\/categories?post=13378"},{"taxonomy":"post_tag","embeddable":true,"href":"http:\/\/staging.ibermusicas.org\/index.php\/wp-json\/wp\/v2\/tags?post=13378"}],"curies":[{"name":"wp","href":"https:\/\/api.w.org\/{rel}","templated":true}]}}