{"id":13395,"date":"2022-09-15T17:21:38","date_gmt":"2022-09-15T17:21:38","guid":{"rendered":"http:\/\/staging.ibermusicas.org\/?p=13395"},"modified":"2022-10-03T02:29:30","modified_gmt":"2022-10-03T02:29:30","slug":"de-el-cauca-colombia-vem-a-proposta-de-aires-de-dominguillo-2","status":"publish","type":"post","link":"http:\/\/staging.ibermusicas.org\/index.php\/de-el-cauca-colombia-vem-a-proposta-de-aires-de-dominguillo-2\/","title":{"rendered":"De El Cauca, Col\u00f4mbia, vem a proposta de Aires de Dominguillo"},"content":{"rendered":"<p>Aires de Dominguillo toca m\u00fasica tradicional de violinos caucanos do sudoeste da Col\u00f4mbia h\u00e1 duas d\u00e9cadas. A proposta Saberes Musicales de Aires de Dominguillo visa fazer a grava\u00e7\u00e3o do primeiro \u00e1lbum musical com temas de sua pr\u00f3pria autoria e temas da tradi\u00e7\u00e3o oral. Os textos do \u00e1lbum s\u00e3o o trabalho da pesquisadora colombiana Paloma Palau, sediada no Brasil e ligada ao grupo de pesquisa da Universidade Federal do Rio Grande do Sul. Palau fez sua tese de doutorado sobre o conhecimento musical afro-colombiano e seus principais interlocutores foram os membros de Aires de Dominguillo. Palau tem publicado sobre o assunto desde 2007 com uma monografia e, posteriormente, com artigos em revistas acad\u00eamicas e cap\u00edtulos de livros.<\/p>\n<p>&nbsp;<\/p>\n<p>O grupo Aires de Dominguillo \u00e9 formado por membros de tr\u00eas gera\u00e7\u00f5es da fam\u00edlia Lasso Caracas junto com outros colegas m\u00fasicos. Teve grandes realiza\u00e7\u00f5es com sua participa\u00e7\u00e3o em v\u00e1rios festivais de m\u00fasica e festivais religiosos tradicionais em toda a regi\u00e3o norte do Cauca. O trabalho de grava\u00e7\u00e3o inclui temas da tradi\u00e7\u00e3o oral salvaguardados nas vozes de canto do grupo, bem como novas cria\u00e7\u00f5es em ritmos locais de fugas ou jugas, pasillos e bambucos feitos pelos membros do grupo.<\/p>\n<p><strong>\u00a0<\/strong><\/p>\n<p><strong>\u00a0<\/strong><\/p>\n<p>&nbsp;<\/p>\n","protected":false},"excerpt":{"rendered":"<p>Aires de Dominguillo toca m\u00fasica tradicional de violinos caucanos do sudoeste da Col\u00f4mbia h\u00e1 duas d\u00e9cadas. A proposta Saberes Musicales de Aires de Dominguillo visa fazer a grava\u00e7\u00e3o do primeiro \u00e1lbum musical com temas de sua pr\u00f3pria autoria e temas da tradi\u00e7\u00e3o oral. Os textos do \u00e1lbum s\u00e3o o trabalho da pesquisadora colombiana Paloma Palau, [&hellip;]<\/p>\n","protected":false},"author":1,"featured_media":13393,"comment_status":"closed","ping_status":"closed","sticky":false,"template":"","format":"standard","meta":{"footnotes":""},"categories":[218],"tags":[],"class_list":["post-13395","post","type-post","status-publish","format-standard","has-post-thumbnail","hentry","category-noticias-generales-pt"],"lang":"pt","translations":{"pt":13395,"es":13392},"pll_sync_post":[],"post_mailing_queue_ids":[],"_links":{"self":[{"href":"http:\/\/staging.ibermusicas.org\/index.php\/wp-json\/wp\/v2\/posts\/13395","targetHints":{"allow":["GET"]}}],"collection":[{"href":"http:\/\/staging.ibermusicas.org\/index.php\/wp-json\/wp\/v2\/posts"}],"about":[{"href":"http:\/\/staging.ibermusicas.org\/index.php\/wp-json\/wp\/v2\/types\/post"}],"author":[{"embeddable":true,"href":"http:\/\/staging.ibermusicas.org\/index.php\/wp-json\/wp\/v2\/users\/1"}],"replies":[{"embeddable":true,"href":"http:\/\/staging.ibermusicas.org\/index.php\/wp-json\/wp\/v2\/comments?post=13395"}],"version-history":[{"count":1,"href":"http:\/\/staging.ibermusicas.org\/index.php\/wp-json\/wp\/v2\/posts\/13395\/revisions"}],"predecessor-version":[{"id":13396,"href":"http:\/\/staging.ibermusicas.org\/index.php\/wp-json\/wp\/v2\/posts\/13395\/revisions\/13396"}],"wp:featuredmedia":[{"embeddable":true,"href":"http:\/\/staging.ibermusicas.org\/index.php\/wp-json\/wp\/v2\/media\/13393"}],"wp:attachment":[{"href":"http:\/\/staging.ibermusicas.org\/index.php\/wp-json\/wp\/v2\/media?parent=13395"}],"wp:term":[{"taxonomy":"category","embeddable":true,"href":"http:\/\/staging.ibermusicas.org\/index.php\/wp-json\/wp\/v2\/categories?post=13395"},{"taxonomy":"post_tag","embeddable":true,"href":"http:\/\/staging.ibermusicas.org\/index.php\/wp-json\/wp\/v2\/tags?post=13395"}],"curies":[{"name":"wp","href":"https:\/\/api.w.org\/{rel}","templated":true}]}}