{"id":13400,"date":"2022-09-15T17:34:00","date_gmt":"2022-09-15T17:34:00","guid":{"rendered":"http:\/\/staging.ibermusicas.org\/?p=13400"},"modified":"2022-09-15T17:34:00","modified_gmt":"2022-09-15T17:34:00","slug":"o-compositor-mexicano-rogelio-sosa-apresenta-seu-projeto-amil","status":"publish","type":"post","link":"http:\/\/staging.ibermusicas.org\/index.php\/o-compositor-mexicano-rogelio-sosa-apresenta-seu-projeto-amil\/","title":{"rendered":"O compositor mexicano Rogelio Sosa apresenta seu Projeto Amil"},"content":{"rendered":"<p>A produ\u00e7\u00e3o cultural de Rogelio Sosa tem sido fundamental para o desenvolvimento das pr\u00e1ticas art\u00edsticas contempor\u00e2neas, particularmente aquelas baseadas no tempo e na escuta. Desde sua forma\u00e7\u00e3o no campo da m\u00fasica, composi\u00e7\u00e3o eletroac\u00fastica e improvisa\u00e7\u00e3o com v\u00e1rios meios tecnol\u00f3gicos, ele alimentou uma curiosidade que o levou a experimentar as possibilidades do som sem limites disciplinares. O corpo de trabalho que ele produziu em quase vinte anos de trabalho pode ser revisto a partir de quatro eixos principais: a composi\u00e7\u00e3o, a cenografia, a improvisa\u00e7\u00e3o e as implanta\u00e7\u00f5es no espa\u00e7o f\u00edsico.<\/p>\n<p>&nbsp;<\/p>\n<p>Outra abordagem fundamental na trajet\u00f3ria de Rogelio Sosa s\u00e3o as m\u00faltiplas colabora\u00e7\u00f5es com diferentes artistas e agentes culturais que acrescentam outra camada \u00e0 complexidade deste compositor, criador, gerente cultural e artista.<\/p>\n<p>&nbsp;<\/p>\n<p>Rogelio Sosa (Cidade do M\u00e9xico, 1977) \u00e9 um m\u00fasico, artista e promotor cultural. Sua pr\u00e1tica criativa inclui composi\u00e7\u00f5es instrumentais e eletroac\u00fasticas, projetos de improvisa\u00e7\u00e3o, colabora\u00e7\u00f5es audiovisuais e de palco, assim como performances e instala\u00e7\u00f5es sonoras. Seu trabalho mais recente \u00e9 baseado em uma s\u00f3lida experimenta\u00e7\u00e3o com meios eletr\u00f4nicos e desenha sincronicamente sobre conceitos e elementos de rituais e pr\u00e1ticas cerimoniais de diferentes culturas.<\/p>\n<p>&nbsp;<\/p>\n<p>No M\u00e9xico, estudou composi\u00e7\u00e3o com Julio Estrada e Ignacio Baca Lobera. No exterior, estudou m\u00fasica eletr\u00f4nica no Ateliers Upic e no Institut de Recherche et Coordination Acoustique \/ Musique (IRCAM), em Paris. Em 2003 ele obteve um mestrado em m\u00fasica e tecnologia na Universidade de Paris VIII.<\/p>\n<p>&nbsp;<\/p>\n<p>Desde 2005 ele vive na Cidade do M\u00e9xico. Foi programador e vice-diretor do Festival Radar de 2005 a 2007, assim como diretor de 2007 a 2009. Foi curador de arte sonora na Ex Teresa Arte Actual de 2005 a 2007. Desde 2010 ele \u00e9 diretor e programador do Festival Aural na Cidade do M\u00e9xico, tendo dirigido sete edi\u00e7\u00f5es do festival. Ele deu aulas, cursos, workshops e semin\u00e1rios em mais de 30 universidades, escolas e centros culturais.<\/p>\n<p>&nbsp;<\/p>\n<p>Seu trabalho j\u00e1 foi apresentado em mais de 50 cidades ao redor do mundo e foi lan\u00e7ado nos r\u00f3tulos Bocian Records na Pol\u00f4nia, Mode Records e Important Records nos Estados Unidos e Sub Rosa na B\u00e9lgica.<\/p>\n<p>&nbsp;<\/p>\n<p>Entre os pr\u00eamios e distin\u00e7\u00f5es mais importantes que recebeu est\u00e3o o Sistema Nacional de Criadores del FONCA (2012 e 2016), o Pr\u00eamio Nacional da Juventude em Artes (M\u00e9xico, 2000), o Concurso de M\u00fasica Eletroac\u00fastica SCRIME (Bordeaux, Fran\u00e7a, 2000), o Concurso de M\u00fasica Eletroac\u00fastica del IMEB (Bourges, Fran\u00e7a, 2001), o Premio Nuevas Resonancias (M\u00e9xico, 2001), o Concurso de M\u00fasica Eletroac\u00fastica Luigi Russolo (Varese), It\u00e1lia, 2002), o Concurso de M\u00fasica Eletroac\u00fastica EAR (Budapeste, Hungria, 2003), o Apoio \u00e0 Produ\u00e7\u00e3o e Pesquisa em Arte e M\u00eddia do Centro Multim\u00eddia (M\u00e9xico, 2006) e o Pr\u00eamio Visiones Sonoras (M\u00e9xico, 2008), a resid\u00eancia art\u00edstica no Montalvo Arts Center (Calif\u00f3rnia, 2009), a resid\u00eancia no EMS Studio em Estocolmo (Su\u00e9cia, 2014) e o apoio ao Programa de Promo\u00e7\u00e3o da M\u00fasica Ibero-Americana IBERM\u00daSICAS (2019).<\/p>\n<p>&nbsp;<\/p>\n<p>&nbsp;<\/p>\n<p>&nbsp;<\/p>\n<p>Quarta-feira 14 de setembro 19:00, CC Camino Real. Camino Real 349, San Isidro, Lima, Peru.<\/p>\n<p>&nbsp;<\/p>\n<p><a href=\"http:\/\/www.proyectoamil.org\">www.proyectoamil.org<\/a><\/p>\n<p><a href=\"http:\/\/www.instagram.com\/proyectoamil\/\">www.instagram.com\/proyectoamil\/<\/a><\/p>\n<p><a href=\"http:\/\/www.facebook.com\/proyectoamil\/\">www.facebook.com\/proyectoamil\/<\/a><\/p>\n<p><a href=\"http:\/\/www.rogeliososa.com\">www.rogeliososa.com<\/a><\/p>\n<p><a href=\"http:\/\/www.instagram.com\/rogeliososa\/\">www.instagram.com\/rogeliososa\/<\/a><\/p>\n<p><a href=\"https:\/\/www.facebook.com\/rogelio.sosa.fb\">https:\/\/www.facebook.com\/rogelio.sosa.fb<\/a><\/p>\n","protected":false},"excerpt":{"rendered":"<p>A produ\u00e7\u00e3o cultural de Rogelio Sosa tem sido fundamental para o desenvolvimento das pr\u00e1ticas art\u00edsticas contempor\u00e2neas, particularmente aquelas baseadas no tempo e na escuta. Desde sua forma\u00e7\u00e3o no campo da m\u00fasica, composi\u00e7\u00e3o eletroac\u00fastica e improvisa\u00e7\u00e3o com v\u00e1rios meios tecnol\u00f3gicos, ele alimentou uma curiosidade que o levou a experimentar as possibilidades do som sem limites disciplinares. [&hellip;]<\/p>\n","protected":false},"author":1,"featured_media":13398,"comment_status":"closed","ping_status":"closed","sticky":false,"template":"","format":"standard","meta":{"footnotes":""},"categories":[218],"tags":[],"class_list":["post-13400","post","type-post","status-publish","format-standard","has-post-thumbnail","hentry","category-noticias-generales-pt"],"lang":"pt","translations":{"pt":13400,"es":13397},"pll_sync_post":[],"post_mailing_queue_ids":[],"_links":{"self":[{"href":"http:\/\/staging.ibermusicas.org\/index.php\/wp-json\/wp\/v2\/posts\/13400","targetHints":{"allow":["GET"]}}],"collection":[{"href":"http:\/\/staging.ibermusicas.org\/index.php\/wp-json\/wp\/v2\/posts"}],"about":[{"href":"http:\/\/staging.ibermusicas.org\/index.php\/wp-json\/wp\/v2\/types\/post"}],"author":[{"embeddable":true,"href":"http:\/\/staging.ibermusicas.org\/index.php\/wp-json\/wp\/v2\/users\/1"}],"replies":[{"embeddable":true,"href":"http:\/\/staging.ibermusicas.org\/index.php\/wp-json\/wp\/v2\/comments?post=13400"}],"version-history":[{"count":1,"href":"http:\/\/staging.ibermusicas.org\/index.php\/wp-json\/wp\/v2\/posts\/13400\/revisions"}],"predecessor-version":[{"id":13401,"href":"http:\/\/staging.ibermusicas.org\/index.php\/wp-json\/wp\/v2\/posts\/13400\/revisions\/13401"}],"wp:featuredmedia":[{"embeddable":true,"href":"http:\/\/staging.ibermusicas.org\/index.php\/wp-json\/wp\/v2\/media\/13398"}],"wp:attachment":[{"href":"http:\/\/staging.ibermusicas.org\/index.php\/wp-json\/wp\/v2\/media?parent=13400"}],"wp:term":[{"taxonomy":"category","embeddable":true,"href":"http:\/\/staging.ibermusicas.org\/index.php\/wp-json\/wp\/v2\/categories?post=13400"},{"taxonomy":"post_tag","embeddable":true,"href":"http:\/\/staging.ibermusicas.org\/index.php\/wp-json\/wp\/v2\/tags?post=13400"}],"curies":[{"name":"wp","href":"https:\/\/api.w.org\/{rel}","templated":true}]}}