{"id":13414,"date":"2022-09-15T18:08:02","date_gmt":"2022-09-15T18:08:02","guid":{"rendered":"http:\/\/staging.ibermusicas.org\/?p=13414"},"modified":"2022-09-15T18:08:33","modified_gmt":"2022-09-15T18:08:33","slug":"a-artista-argentina-mariana-paraway-fara-parte-do-programa-los-angeles-sessions-em-barcelona-espanha","status":"publish","type":"post","link":"http:\/\/staging.ibermusicas.org\/index.php\/a-artista-argentina-mariana-paraway-fara-parte-do-programa-los-angeles-sessions-em-barcelona-espanha\/","title":{"rendered":"A artista argentina Mariana P\u00e4raway far\u00e1 parte do programa Los Angeles Sessions em Barcelona, Espanha"},"content":{"rendered":"<p>Mariana P\u00e4raway \u00e9 compositora, cantora, multi-instrumentista e produtora musical. Construiu uma extensa carreira na m\u00fasica consolidada por seus tr\u00eas \u00e1lbuns solo: Los Peces (2012), Hilario (2014, Concept Cero) e La Flecha (2017, Concept Cero). Em 2018, recebeu a Men\u00e7\u00e3o Honrosa Juana Azurduy de Padilla no Senado Nacional em reconhecimento ao seu trabalho e realiza\u00e7\u00f5es de interesse de sua comunidade, que tendem ao bem comum. Durante 2019 lan\u00e7ou dois singles, Roma e Sorpresa. Hoje est\u00e1 produzindo um EP intitulado Biolog\u00eda del Amor.<\/p>\n<p>De Mendoza, cidade nas montanhas onde mora, Mariana viaja como solista para tocar na Argentina, Am\u00e9rica Latina e Europa, mas sempre volta para casa, para seu ambiente natural, ambiente que faz parte de sua identidade, assim como seu interesse \u00e9 experimentar novos sons, mudar, brincar, com a imperman\u00eancia, intensidade e for\u00e7a do caminho percorrido.<\/p>\n<p>Los Angeles Sessions \u00e9 um ciclo digital de sess\u00f5es musicais geridas de forma aut\u00f3noma na cidade de Barcelona. Prop\u00f5e-se a promover a produ\u00e7\u00e3o, exposi\u00e7\u00e3o e consumo da cultura contempor\u00e2nea local. Por meio de travessias, tamb\u00e9m se prop\u00f5e a acelerar os interc\u00e2mbios entre a cena art\u00edstica de outras regi\u00f5es, principalmente da Am\u00e9rica Latina. As sess\u00f5es s\u00e3o realizadas sempre no mesmo ambiente, mantendo uma est\u00e9tica diferenciada em cada espet\u00e1culo. A premissa \u00e9 criar novos paradigmas que permitam manter a proximidade entre a m\u00fasica e o p\u00fablico. A equipa de curadores encarregada de realizar as sess\u00f5es \u00e9 composta por artistas argentinos que atualmente residem em Barcelona.<\/p>\n<p>&nbsp;<\/p>\n<p>S\u00e1bado 17 de setembro em @la_sessions<\/p>\n<p>https:\/\/www.youtube.com\/channel\/UCfz6Cce5HoPHdUxPo6xOaKQ<\/p>\n","protected":false},"excerpt":{"rendered":"<p>Mariana P\u00e4raway \u00e9 compositora, cantora, multi-instrumentista e produtora musical. Construiu uma extensa carreira na m\u00fasica consolidada por seus tr\u00eas \u00e1lbuns solo: Los Peces (2012), Hilario (2014, Concept Cero) e La Flecha (2017, Concept Cero). Em 2018, recebeu a Men\u00e7\u00e3o Honrosa Juana Azurduy de Padilla no Senado Nacional em reconhecimento ao seu trabalho e realiza\u00e7\u00f5es de [&hellip;]<\/p>\n","protected":false},"author":1,"featured_media":13415,"comment_status":"closed","ping_status":"closed","sticky":false,"template":"","format":"standard","meta":{"footnotes":""},"categories":[218],"tags":[],"class_list":["post-13414","post","type-post","status-publish","format-standard","has-post-thumbnail","hentry","category-noticias-generales-pt"],"lang":"pt","translations":{"pt":13414},"pll_sync_post":[],"post_mailing_queue_ids":[],"_links":{"self":[{"href":"http:\/\/staging.ibermusicas.org\/index.php\/wp-json\/wp\/v2\/posts\/13414","targetHints":{"allow":["GET"]}}],"collection":[{"href":"http:\/\/staging.ibermusicas.org\/index.php\/wp-json\/wp\/v2\/posts"}],"about":[{"href":"http:\/\/staging.ibermusicas.org\/index.php\/wp-json\/wp\/v2\/types\/post"}],"author":[{"embeddable":true,"href":"http:\/\/staging.ibermusicas.org\/index.php\/wp-json\/wp\/v2\/users\/1"}],"replies":[{"embeddable":true,"href":"http:\/\/staging.ibermusicas.org\/index.php\/wp-json\/wp\/v2\/comments?post=13414"}],"version-history":[{"count":1,"href":"http:\/\/staging.ibermusicas.org\/index.php\/wp-json\/wp\/v2\/posts\/13414\/revisions"}],"predecessor-version":[{"id":13416,"href":"http:\/\/staging.ibermusicas.org\/index.php\/wp-json\/wp\/v2\/posts\/13414\/revisions\/13416"}],"wp:featuredmedia":[{"embeddable":true,"href":"http:\/\/staging.ibermusicas.org\/index.php\/wp-json\/wp\/v2\/media\/13415"}],"wp:attachment":[{"href":"http:\/\/staging.ibermusicas.org\/index.php\/wp-json\/wp\/v2\/media?parent=13414"}],"wp:term":[{"taxonomy":"category","embeddable":true,"href":"http:\/\/staging.ibermusicas.org\/index.php\/wp-json\/wp\/v2\/categories?post=13414"},{"taxonomy":"post_tag","embeddable":true,"href":"http:\/\/staging.ibermusicas.org\/index.php\/wp-json\/wp\/v2\/tags?post=13414"}],"curies":[{"name":"wp","href":"https:\/\/api.w.org\/{rel}","templated":true}]}}