{"id":13417,"date":"2022-09-15T18:14:38","date_gmt":"2022-09-15T18:14:38","guid":{"rendered":"http:\/\/staging.ibermusicas.org\/?p=13417"},"modified":"2022-10-03T02:29:09","modified_gmt":"2022-10-03T02:29:09","slug":"o-xii-festival-de-guitarra-manuel-antonio-calle-acontecera-no-equador-com-o-maestro-mesias-maiguashca-como-convidado-especial","status":"publish","type":"post","link":"http:\/\/staging.ibermusicas.org\/index.php\/o-xii-festival-de-guitarra-manuel-antonio-calle-acontecera-no-equador-com-o-maestro-mesias-maiguashca-como-convidado-especial\/","title":{"rendered":"O XII Festival de Guitarra\u00a0 Manuel Antonio Calle acontecer\u00e1 no Equador com o Maestro Mes\u00edas Maiguashca como convidado especial"},"content":{"rendered":"<p>O Festival Guitarr\u00edstico nasceu em 2010 atrav\u00e9s do contato entre os construtores artesanais de viol\u00f5es da par\u00f3quia de San Bartolom\u00e9 na prov\u00edncia de Azuay e SONO Estudio Guitarr\u00edstico na cidade de Cuenca. Doze anos de relacionamento e aproxima\u00e7\u00e3o que geraram 11 festivais internacionais que consistem em oficinas de treinamento de viol\u00e3o, exposi\u00e7\u00f5es, feiras, rota do viol\u00e3o e concertos.<\/p>\n<p>&nbsp;<\/p>\n<p>Durante este tempo, o Festival de Viol\u00e3o se tornou o evento nacional mais importante de seu tipo. Na XII edi\u00e7\u00e3o do Festival de Guitarras, leva o nome de Manuel Antonio Calle de Cuenca, uma refer\u00eancia do viol\u00e3o e da m\u00fasica de Cuenca, com o objetivo principal de reativar a cena violon\u00edstica nacional atrav\u00e9s do programa previsto nos cant\u00f5es de Sigsig e Cuenca.<\/p>\n<p>&nbsp;<\/p>\n<p>Esta edi\u00e7\u00e3o contar\u00e1 com palestras, master classes, exposi\u00e7\u00f5es, uma rota de viol\u00f5es e concertos, com a presen\u00e7a dos maestros Jos\u00e9 Antonio Escobar do Chile, Mario Ulloa da Costa Rica, Alberto D`alessandro da Argentina, Ricardo Cuadros da Col\u00f4mbia, Jorge Atanacio do M\u00e9xico, Trio Ricordi, Mes\u00edas Maiguashca e Bol\u00edvar \u00c1vila do Equador.<\/p>\n<p>&nbsp;<\/p>\n<p>De 21 a 25 de setembro no Equador<\/p>\n","protected":false},"excerpt":{"rendered":"<p>O Festival Guitarr\u00edstico nasceu em 2010 atrav\u00e9s do contato entre os construtores artesanais de viol\u00f5es da par\u00f3quia de San Bartolom\u00e9 na prov\u00edncia de Azuay e SONO Estudio Guitarr\u00edstico na cidade de Cuenca. Doze anos de relacionamento e aproxima\u00e7\u00e3o que geraram 11 festivais internacionais que consistem em oficinas de treinamento de viol\u00e3o, exposi\u00e7\u00f5es, feiras, rota do [&hellip;]<\/p>\n","protected":false},"author":1,"featured_media":13418,"comment_status":"closed","ping_status":"closed","sticky":false,"template":"","format":"standard","meta":{"footnotes":""},"categories":[218],"tags":[],"class_list":["post-13417","post","type-post","status-publish","format-standard","has-post-thumbnail","hentry","category-noticias-generales-pt"],"lang":"pt","translations":{"pt":13417},"pll_sync_post":[],"post_mailing_queue_ids":[],"_links":{"self":[{"href":"http:\/\/staging.ibermusicas.org\/index.php\/wp-json\/wp\/v2\/posts\/13417","targetHints":{"allow":["GET"]}}],"collection":[{"href":"http:\/\/staging.ibermusicas.org\/index.php\/wp-json\/wp\/v2\/posts"}],"about":[{"href":"http:\/\/staging.ibermusicas.org\/index.php\/wp-json\/wp\/v2\/types\/post"}],"author":[{"embeddable":true,"href":"http:\/\/staging.ibermusicas.org\/index.php\/wp-json\/wp\/v2\/users\/1"}],"replies":[{"embeddable":true,"href":"http:\/\/staging.ibermusicas.org\/index.php\/wp-json\/wp\/v2\/comments?post=13417"}],"version-history":[{"count":1,"href":"http:\/\/staging.ibermusicas.org\/index.php\/wp-json\/wp\/v2\/posts\/13417\/revisions"}],"predecessor-version":[{"id":13419,"href":"http:\/\/staging.ibermusicas.org\/index.php\/wp-json\/wp\/v2\/posts\/13417\/revisions\/13419"}],"wp:featuredmedia":[{"embeddable":true,"href":"http:\/\/staging.ibermusicas.org\/index.php\/wp-json\/wp\/v2\/media\/13418"}],"wp:attachment":[{"href":"http:\/\/staging.ibermusicas.org\/index.php\/wp-json\/wp\/v2\/media?parent=13417"}],"wp:term":[{"taxonomy":"category","embeddable":true,"href":"http:\/\/staging.ibermusicas.org\/index.php\/wp-json\/wp\/v2\/categories?post=13417"},{"taxonomy":"post_tag","embeddable":true,"href":"http:\/\/staging.ibermusicas.org\/index.php\/wp-json\/wp\/v2\/tags?post=13417"}],"curies":[{"name":"wp","href":"https:\/\/api.w.org\/{rel}","templated":true}]}}