{"id":13434,"date":"2022-10-03T02:48:00","date_gmt":"2022-10-03T02:48:00","guid":{"rendered":"http:\/\/staging.ibermusicas.org\/?p=13434"},"modified":"2022-12-09T14:50:40","modified_gmt":"2022-12-09T14:50:40","slug":"cierre-de-convocatorias-ibermusicas-2022-para-actividades-a-realizarse-durante-2023","status":"publish","type":"post","link":"http:\/\/staging.ibermusicas.org\/index.php\/cierre-de-convocatorias-ibermusicas-2022-para-actividades-a-realizarse-durante-2023\/","title":{"rendered":"Cierre de convocatorias Iberm\u00fasicas 2022 para actividades a realizarse durante 2023"},"content":{"rendered":"<p>Con la presentaci\u00f3n de 1173 propuestas, cerr\u00f3 este s\u00e1bado 1ero de octubre un nuevo ciclo de convocatorias del Programa Iberm\u00fasicas.<\/p>\n<p>&nbsp;<\/p>\n<p>Nos sentimos enormemente felices por el alto nivel de participaci\u00f3n del Sector Musical Iberoamericano en cada una de las nueve l\u00edneas de acci\u00f3n ofrecidas por Iberm\u00fasicas este a\u00f1o. Un a\u00f1o que resulta particularmente significativo por ser el de nuestro d\u00e9cimo aniversario. Elegimos festejarlo redoblando esfuerzos en aquello que hacemos desde hace diez a\u00f1os: ayudar a todos los agentes del Sector Musical Iberoamericano a tender nuevas redes, a fortalecer las ya existentes y por sobre todo, a llevar adelante sus proyectos y a cumplir sus sue\u00f1os.<\/p>\n<p>&nbsp;<\/p>\n<p>El d\u00eda viernes 9\u00a0 de diciembre de 2022 ser\u00e1n anunciados en nuestra web los proyectos ganadores.<\/p>\n","protected":false},"excerpt":{"rendered":"<p>Con la presentaci\u00f3n de 1173 propuestas, cerr\u00f3 este s\u00e1bado 1ero de octubre un nuevo ciclo de convocatorias del Programa Iberm\u00fasicas. &nbsp; Nos sentimos enormemente felices por el alto nivel de participaci\u00f3n del Sector Musical Iberoamericano en cada una de las nueve l\u00edneas de acci\u00f3n ofrecidas por Iberm\u00fasicas este a\u00f1o. Un a\u00f1o que resulta particularmente significativo [&hellip;]<\/p>\n","protected":false},"author":1,"featured_media":12046,"comment_status":"closed","ping_status":"closed","sticky":false,"template":"","format":"standard","meta":{"footnotes":""},"categories":[53],"tags":[],"class_list":["post-13434","post","type-post","status-publish","format-standard","has-post-thumbnail","hentry","category-noticias-generales"],"lang":"es","translations":{"es":13434,"pt":13436},"pll_sync_post":[],"post_mailing_queue_ids":[],"_links":{"self":[{"href":"http:\/\/staging.ibermusicas.org\/index.php\/wp-json\/wp\/v2\/posts\/13434","targetHints":{"allow":["GET"]}}],"collection":[{"href":"http:\/\/staging.ibermusicas.org\/index.php\/wp-json\/wp\/v2\/posts"}],"about":[{"href":"http:\/\/staging.ibermusicas.org\/index.php\/wp-json\/wp\/v2\/types\/post"}],"author":[{"embeddable":true,"href":"http:\/\/staging.ibermusicas.org\/index.php\/wp-json\/wp\/v2\/users\/1"}],"replies":[{"embeddable":true,"href":"http:\/\/staging.ibermusicas.org\/index.php\/wp-json\/wp\/v2\/comments?post=13434"}],"version-history":[{"count":2,"href":"http:\/\/staging.ibermusicas.org\/index.php\/wp-json\/wp\/v2\/posts\/13434\/revisions"}],"predecessor-version":[{"id":13512,"href":"http:\/\/staging.ibermusicas.org\/index.php\/wp-json\/wp\/v2\/posts\/13434\/revisions\/13512"}],"wp:featuredmedia":[{"embeddable":true,"href":"http:\/\/staging.ibermusicas.org\/index.php\/wp-json\/wp\/v2\/media\/12046"}],"wp:attachment":[{"href":"http:\/\/staging.ibermusicas.org\/index.php\/wp-json\/wp\/v2\/media?parent=13434"}],"wp:term":[{"taxonomy":"category","embeddable":true,"href":"http:\/\/staging.ibermusicas.org\/index.php\/wp-json\/wp\/v2\/categories?post=13434"},{"taxonomy":"post_tag","embeddable":true,"href":"http:\/\/staging.ibermusicas.org\/index.php\/wp-json\/wp\/v2\/tags?post=13434"}],"curies":[{"name":"wp","href":"https:\/\/api.w.org\/{rel}","templated":true}]}}