{"id":13436,"date":"2022-10-03T02:50:04","date_gmt":"2022-10-03T02:50:04","guid":{"rendered":"http:\/\/staging.ibermusicas.org\/?p=13436"},"modified":"2022-12-09T14:52:22","modified_gmt":"2022-12-09T14:52:22","slug":"encerramento-de-ibermusicas-2022-convites-a-apresentacao-de-propostas-para-atividades-a-serem-realizadas-durante-2023","status":"publish","type":"post","link":"http:\/\/staging.ibermusicas.org\/index.php\/encerramento-de-ibermusicas-2022-convites-a-apresentacao-de-propostas-para-atividades-a-serem-realizadas-durante-2023\/","title":{"rendered":"Encerramento de Iberm\u00fasicas 2022 convites \u00e0 apresenta\u00e7\u00e3o de propostas para atividades a serem realizadas durante 2023"},"content":{"rendered":"<p>Com a apresenta\u00e7\u00e3o de 1173 propostas, um novo ciclo de chamadas do Programa Iberm\u00fasicas foi encerrado neste s\u00e1bado, 1\u00ba de outubro.<\/p>\n<p>&nbsp;<\/p>\n<p>Estamos extremamente felizes pelo alto n\u00edvel de participa\u00e7\u00e3o do Setor Musical Ibero-Americano em cada uma das nove linhas de a\u00e7\u00e3o oferecidas pelO nosso programa este ano. Um ano que \u00e9 particularmente significativo, pois \u00e9 o nosso d\u00e9cimo anivers\u00e1rio. Optamos por celebr\u00e1-lo redobrando nossos esfor\u00e7os no que fazemos h\u00e1 dez anos: ajudar todos os agentes do Setor Musical Ibero-Americano a construir novas redes, fortalecer as existentes e, acima de tudo, concretizar seus projetos e realizar seus sonhos.<\/p>\n<p>&nbsp;<\/p>\n<p>Os projetos vencedores ser\u00e3o anunciados em nosso site na sexta-feira 9\u00ba de dezembro de 2022.<\/p>\n","protected":false},"excerpt":{"rendered":"<p>Com a apresenta\u00e7\u00e3o de 1173 propostas, um novo ciclo de chamadas do Programa Iberm\u00fasicas foi encerrado neste s\u00e1bado, 1\u00ba de outubro. &nbsp; Estamos extremamente felizes pelo alto n\u00edvel de participa\u00e7\u00e3o do Setor Musical Ibero-Americano em cada uma das nove linhas de a\u00e7\u00e3o oferecidas pelO nosso programa este ano. Um ano que \u00e9 particularmente significativo, pois [&hellip;]<\/p>\n","protected":false},"author":1,"featured_media":12046,"comment_status":"closed","ping_status":"closed","sticky":false,"template":"","format":"standard","meta":{"footnotes":""},"categories":[218],"tags":[],"class_list":["post-13436","post","type-post","status-publish","format-standard","has-post-thumbnail","hentry","category-noticias-generales-pt"],"lang":"pt","translations":{"pt":13436,"es":13434},"pll_sync_post":[],"post_mailing_queue_ids":[],"_links":{"self":[{"href":"http:\/\/staging.ibermusicas.org\/index.php\/wp-json\/wp\/v2\/posts\/13436","targetHints":{"allow":["GET"]}}],"collection":[{"href":"http:\/\/staging.ibermusicas.org\/index.php\/wp-json\/wp\/v2\/posts"}],"about":[{"href":"http:\/\/staging.ibermusicas.org\/index.php\/wp-json\/wp\/v2\/types\/post"}],"author":[{"embeddable":true,"href":"http:\/\/staging.ibermusicas.org\/index.php\/wp-json\/wp\/v2\/users\/1"}],"replies":[{"embeddable":true,"href":"http:\/\/staging.ibermusicas.org\/index.php\/wp-json\/wp\/v2\/comments?post=13436"}],"version-history":[{"count":2,"href":"http:\/\/staging.ibermusicas.org\/index.php\/wp-json\/wp\/v2\/posts\/13436\/revisions"}],"predecessor-version":[{"id":13513,"href":"http:\/\/staging.ibermusicas.org\/index.php\/wp-json\/wp\/v2\/posts\/13436\/revisions\/13513"}],"wp:featuredmedia":[{"embeddable":true,"href":"http:\/\/staging.ibermusicas.org\/index.php\/wp-json\/wp\/v2\/media\/12046"}],"wp:attachment":[{"href":"http:\/\/staging.ibermusicas.org\/index.php\/wp-json\/wp\/v2\/media?parent=13436"}],"wp:term":[{"taxonomy":"category","embeddable":true,"href":"http:\/\/staging.ibermusicas.org\/index.php\/wp-json\/wp\/v2\/categories?post=13436"},{"taxonomy":"post_tag","embeddable":true,"href":"http:\/\/staging.ibermusicas.org\/index.php\/wp-json\/wp\/v2\/tags?post=13436"}],"curies":[{"name":"wp","href":"https:\/\/api.w.org\/{rel}","templated":true}]}}