{"id":13440,"date":"2022-10-03T03:05:16","date_gmt":"2022-10-03T03:05:16","guid":{"rendered":"http:\/\/staging.ibermusicas.org\/?p=13440"},"modified":"2022-10-31T13:58:12","modified_gmt":"2022-10-31T13:58:12","slug":"se-abre-el-proceso-de-convocatorias-para-residencia-visionarias-conexiones-y-creatividades-en-territorio-virtual-destinada-a-mujeres-de-iberoamerica","status":"publish","type":"post","link":"http:\/\/staging.ibermusicas.org\/index.php\/se-abre-el-proceso-de-convocatorias-para-residencia-visionarias-conexiones-y-creatividades-en-territorio-virtual-destinada-a-mujeres-de-iberoamerica\/","title":{"rendered":"Se abre el proceso de convocatorias para \u201cResidencia Visionarias &#8211; Conexiones y Creatividades en Territorio Virtual\u201d destinada a mujeres de Iberoam\u00e9rica"},"content":{"rendered":"<p>Hasta el 7 de octubre estar\u00e1 abierto el proceso de convocatoria para \u201cResidencia Visionarias &#8211; Conexiones y creatividades en territorio virtual\u201d, encuentro de formaci\u00f3n virtual para la profesionalizaci\u00f3n y crecimiento en red de mujeres de la m\u00fasica, que brinda herramientas de reflexi\u00f3n y pr\u00e1ctica espec\u00edficas, para fortalecer una escena musical iberoamericana con fuerte liderazgo femenino.<\/p>\n<p>La Residencia Visionarias, dirigida por la compositora argentina Ana Robles, tiene el objetivo de facilitar el acceso a la formaci\u00f3n sobre identidad, derechos, comunicaci\u00f3n, estrategias digitales y financiamiento de la m\u00fasica, en 4 m\u00f3dulos de entrenamiento intensivo y 4 talleres abiertos a la comunidad, que fortalecen las iniciativas de trabajo colaborativo y colectivo, las experiencias actualizadas, innovadoras vigentes y potentes de profesionales del sector.<\/p>\n<p>La invitaci\u00f3n a postular a esta residencia gratuita est\u00e1 orientada a mujeres m\u00fasicas y de la industria de la m\u00fasica (gestoras, comunicadoras, m\u00e1nagers, y otras) de Iberoam\u00e9rica que deseen expandir y fortalecer sus carreras.<\/p>\n<p>Disertantes: Mar\u00eda Carrascal (Argentina), Lea Bensasson (Uruguay), Macri C\u00e1ceres (Per\u00fa), Valentina Maza (Chile), Ana Robles (Argentina), Susana Guzm\u00e1n (Argentina). Moderadoras: Valeria Romero (Argentina), Keyla Mej\u00eda (M\u00e9xico), Virginia Piscitelli (Argentina), Coqui Dutto (Argentina).<\/p>\n<p>Inscripci\u00f3n abierta hasta el 7 de octubre. La residencia se realizar\u00e1 de manera virtual desde el 17 de octubre al 11 de noviembre de 2022. M\u00e1s informaci\u00f3n en: infoculturaonline@gmail.com<\/p>\n","protected":false},"excerpt":{"rendered":"<p>Hasta el 7 de octubre estar\u00e1 abierto el proceso de convocatoria para \u201cResidencia Visionarias &#8211; Conexiones y creatividades en territorio virtual\u201d, encuentro de formaci\u00f3n virtual para la profesionalizaci\u00f3n y crecimiento en red de mujeres de la m\u00fasica, que brinda herramientas de reflexi\u00f3n y pr\u00e1ctica espec\u00edficas, para fortalecer una escena musical iberoamericana con fuerte liderazgo femenino. [&hellip;]<\/p>\n","protected":false},"author":1,"featured_media":13441,"comment_status":"closed","ping_status":"closed","sticky":false,"template":"","format":"standard","meta":{"footnotes":""},"categories":[53],"tags":[],"class_list":["post-13440","post","type-post","status-publish","format-standard","has-post-thumbnail","hentry","category-noticias-generales"],"lang":"es","translations":{"es":13440,"pt":13443},"pll_sync_post":[],"post_mailing_queue_ids":[],"_links":{"self":[{"href":"http:\/\/staging.ibermusicas.org\/index.php\/wp-json\/wp\/v2\/posts\/13440","targetHints":{"allow":["GET"]}}],"collection":[{"href":"http:\/\/staging.ibermusicas.org\/index.php\/wp-json\/wp\/v2\/posts"}],"about":[{"href":"http:\/\/staging.ibermusicas.org\/index.php\/wp-json\/wp\/v2\/types\/post"}],"author":[{"embeddable":true,"href":"http:\/\/staging.ibermusicas.org\/index.php\/wp-json\/wp\/v2\/users\/1"}],"replies":[{"embeddable":true,"href":"http:\/\/staging.ibermusicas.org\/index.php\/wp-json\/wp\/v2\/comments?post=13440"}],"version-history":[{"count":1,"href":"http:\/\/staging.ibermusicas.org\/index.php\/wp-json\/wp\/v2\/posts\/13440\/revisions"}],"predecessor-version":[{"id":13442,"href":"http:\/\/staging.ibermusicas.org\/index.php\/wp-json\/wp\/v2\/posts\/13440\/revisions\/13442"}],"wp:featuredmedia":[{"embeddable":true,"href":"http:\/\/staging.ibermusicas.org\/index.php\/wp-json\/wp\/v2\/media\/13441"}],"wp:attachment":[{"href":"http:\/\/staging.ibermusicas.org\/index.php\/wp-json\/wp\/v2\/media?parent=13440"}],"wp:term":[{"taxonomy":"category","embeddable":true,"href":"http:\/\/staging.ibermusicas.org\/index.php\/wp-json\/wp\/v2\/categories?post=13440"},{"taxonomy":"post_tag","embeddable":true,"href":"http:\/\/staging.ibermusicas.org\/index.php\/wp-json\/wp\/v2\/tags?post=13440"}],"curies":[{"name":"wp","href":"https:\/\/api.w.org\/{rel}","templated":true}]}}