{"id":13443,"date":"2022-10-03T03:06:44","date_gmt":"2022-10-03T03:06:44","guid":{"rendered":"http:\/\/staging.ibermusicas.org\/?p=13443"},"modified":"2022-10-31T14:40:23","modified_gmt":"2022-10-31T14:40:23","slug":"o-processo-de-candidaturas-para-residencia-visionaria-conexoes-e-criatividades-em-territorio-virtual-e-aberto-para-mulheres-da-ibero-america","status":"publish","type":"post","link":"http:\/\/staging.ibermusicas.org\/index.php\/o-processo-de-candidaturas-para-residencia-visionaria-conexoes-e-criatividades-em-territorio-virtual-e-aberto-para-mulheres-da-ibero-america\/","title":{"rendered":"O processo de candidaturas para \u00abResid\u00eancia Vision\u00e1ria &#8211; Conex\u00f5es e Criatividades em Territ\u00f3rio Virtual\u00bb \u00e9 aberto para mulheres da Ibero-Am\u00e9rica"},"content":{"rendered":"<p>At\u00e9 o dia 7 de outubro estar\u00e1 aberto o processo de chamada para \u00abResid\u00eancia Vision\u00e1ria &#8211; Conex\u00f5es e Criatividades no Territ\u00f3rio Virtual\u00bb, um encontro virtual de forma\u00e7\u00e3o para a profissionaliza\u00e7\u00e3o e crescimento em rede de mulheres na m\u00fasica, que oferece ferramentas de reflex\u00e3o e pr\u00e1tica espec\u00edfica, para fortalecer uma cena musical ibero-americana com forte lideran\u00e7a feminina.<\/p>\n<p>&nbsp;<\/p>\n<p>A Resid\u00eancia Visionarias, dirigida pela compositora argentina Ana Robles, tem como objetivo facilitar o acesso \u00e0 forma\u00e7\u00e3o sobre identidade, direitos, comunica\u00e7\u00e3o, estrat\u00e9gias digitais e financiamento da m\u00fasica, em 4 m\u00f3dulos de forma\u00e7\u00e3o intensiva e 4 oficinas abertas \u00e0 comunidade, que fortalecem a colabora\u00e7\u00e3o e iniciativas de trabalho coletivo, experi\u00eancias atualizadas, inovadoras, atuais e potentes de profissionais do setor.<\/p>\n<p>&nbsp;<\/p>\n<p>O convite para se candidatar a esta resid\u00eancia gratuita \u00e9 destinado a mulheres musicistas e mulheres da ind\u00fastria da m\u00fasica (gerentes, comunicadoras, managers e outras) da Ibero-Am\u00e9rica que desejam expandir e fortalecer suas carreiras.<\/p>\n<p>&nbsp;<\/p>\n<p>Palestrantes: Mar\u00eda Carrascal (Argentina), Lea Bensasson (Uruguai), Macri C\u00e1ceres (Peru), Valentina Maza (Chile), Ana Robles (Argentina), Susana Guzm\u00e1n (Argentina). Moderadores: Valeria Romero (Argentina), Keyla Mej\u00eda (M\u00e9xico), Virginia Piscitelli (Argentina), Coqui Dutto (Argentina).<\/p>\n<p>&nbsp;<\/p>\n<p>Inscri\u00e7\u00f5es abertas at\u00e9 7 de outubro. A resid\u00eancia ser\u00e1 realizada virtualmente de 17 de outubro a 11 de novembro de 2022. Mais informa\u00e7\u00f5es em: <a href=\"mailto:infoculturaonline@gmail.com\">infoculturaonline@gmail.com<\/a><\/p>\n","protected":false},"excerpt":{"rendered":"<p>At\u00e9 o dia 7 de outubro estar\u00e1 aberto o processo de chamada para \u00abResid\u00eancia Vision\u00e1ria &#8211; Conex\u00f5es e Criatividades no Territ\u00f3rio Virtual\u00bb, um encontro virtual de forma\u00e7\u00e3o para a profissionaliza\u00e7\u00e3o e crescimento em rede de mulheres na m\u00fasica, que oferece ferramentas de reflex\u00e3o e pr\u00e1tica espec\u00edfica, para fortalecer uma cena musical ibero-americana com forte lideran\u00e7a [&hellip;]<\/p>\n","protected":false},"author":1,"featured_media":13441,"comment_status":"closed","ping_status":"closed","sticky":false,"template":"","format":"standard","meta":{"footnotes":""},"categories":[218],"tags":[],"class_list":["post-13443","post","type-post","status-publish","format-standard","has-post-thumbnail","hentry","category-noticias-generales-pt"],"lang":"pt","translations":{"pt":13443,"es":13440},"pll_sync_post":[],"post_mailing_queue_ids":[],"_links":{"self":[{"href":"http:\/\/staging.ibermusicas.org\/index.php\/wp-json\/wp\/v2\/posts\/13443","targetHints":{"allow":["GET"]}}],"collection":[{"href":"http:\/\/staging.ibermusicas.org\/index.php\/wp-json\/wp\/v2\/posts"}],"about":[{"href":"http:\/\/staging.ibermusicas.org\/index.php\/wp-json\/wp\/v2\/types\/post"}],"author":[{"embeddable":true,"href":"http:\/\/staging.ibermusicas.org\/index.php\/wp-json\/wp\/v2\/users\/1"}],"replies":[{"embeddable":true,"href":"http:\/\/staging.ibermusicas.org\/index.php\/wp-json\/wp\/v2\/comments?post=13443"}],"version-history":[{"count":1,"href":"http:\/\/staging.ibermusicas.org\/index.php\/wp-json\/wp\/v2\/posts\/13443\/revisions"}],"predecessor-version":[{"id":13444,"href":"http:\/\/staging.ibermusicas.org\/index.php\/wp-json\/wp\/v2\/posts\/13443\/revisions\/13444"}],"wp:featuredmedia":[{"embeddable":true,"href":"http:\/\/staging.ibermusicas.org\/index.php\/wp-json\/wp\/v2\/media\/13441"}],"wp:attachment":[{"href":"http:\/\/staging.ibermusicas.org\/index.php\/wp-json\/wp\/v2\/media?parent=13443"}],"wp:term":[{"taxonomy":"category","embeddable":true,"href":"http:\/\/staging.ibermusicas.org\/index.php\/wp-json\/wp\/v2\/categories?post=13443"},{"taxonomy":"post_tag","embeddable":true,"href":"http:\/\/staging.ibermusicas.org\/index.php\/wp-json\/wp\/v2\/tags?post=13443"}],"curies":[{"name":"wp","href":"https:\/\/api.w.org\/{rel}","templated":true}]}}