{"id":13445,"date":"2022-10-03T11:37:22","date_gmt":"2022-10-03T11:37:22","guid":{"rendered":"http:\/\/staging.ibermusicas.org\/?p=13445"},"modified":"2022-10-03T11:37:22","modified_gmt":"2022-10-03T11:37:22","slug":"con-la-participacion-de-la-murga-uruguaya-queso-magro-se-realiza-el-6to-encuentro-de-murgas-en-el-ecunhi-de-buenos-aires-argentina","status":"publish","type":"post","link":"http:\/\/staging.ibermusicas.org\/index.php\/con-la-participacion-de-la-murga-uruguaya-queso-magro-se-realiza-el-6to-encuentro-de-murgas-en-el-ecunhi-de-buenos-aires-argentina\/","title":{"rendered":"Con la participaci\u00f3n de la murga uruguaya Queso Magro se realiza el 6to Encuentro de Murgas en el ECuNHi de Buenos Aires, Argentina"},"content":{"rendered":"<p>Murgas en el ECuNHi es un encuentro anual de murgas estilo uruguayo que re\u00fane murgas de argentina en una jornada de intercambio y construcci\u00f3n del g\u00e9nero donde suceden charlas debate, talleres y presentaciones en vivo. El evento est\u00e1 organizado por el Taller de Arte Popular (TAP) y por el ECuNHi (Espacio Cultural Nuestros Hijos). Luego de dos a\u00f1os de interrupci\u00f3n por la pandemia, vuelve el encuentro priorizando esta vez la participaci\u00f3n de murgas locales, tal es as\u00ed que se contar\u00e1 con la presentaci\u00f3n en vivo de cinco murgas de la Ciudad de Buenos Aires: Le Puse Cuca, La Atada con Alambre, La Notalpi\u00e9, Entre Tanta Pavada y Baila la Chola. En sexto lugar, se presentar\u00e1 la murga Los Vecinos Re Contentos de Rosario, y para el cierre, Queso Magro, murga montevideana, compartir\u00e1 su \u00faltimo espect\u00e1culo.<\/p>\n<p>&nbsp;<\/p>\n<p>Se realizar\u00e1n cuatro talleres en los que se abordar\u00e1n distintas tem\u00e1ticas vinculadas al g\u00e9nero tales como bater\u00eda, vestuario, letras y coro; y un ciclo de dos charlas que abordar\u00e1n diferentes ejes del quehacer de la murga: Murgas, diversidad e inclusi\u00f3n y Murga, identidad y territorio.<\/p>\n<p>&nbsp;<\/p>\n<p>La Murga Queso Magro es uno de los principales exponentes del subg\u00e9nero murga joven que renueva el tradicional carnaval uruguayo desde hace unos a\u00f1os. Con textos muy frescos y cargados de humor, en febrero del 2022 presentaron su \u00faltimo espect\u00e1culo: Acartonados, obteniendo menciones a la propuesta creativa de vestuario (Sof\u00eda Beceiro), mejor cupl\u00e9 (homenaje a Graciela Bianchi), mejor solista de murga (Santiago Wirth) y m\u00e1xima figura del carnaval (Jimena Marquez).<\/p>\n<p>&nbsp;<\/p>\n<p>ECuNHi (Espacio Cultural Nuestros Hijos), es el sitio de la Asociaci\u00f3n Madres de Plaza de Mayo en el Espacio Memoria y Derechos Humanos, lugar en el cual funcion\u00f3 el mayor centro clandestino de detenci\u00f3n, tortura y muerte de la \u00faltima dictacura militar argentina.<\/p>\n<p>&nbsp;<\/p>\n<p>1ero de octubre de 2022. 15 hs. talleres, 18 hs. murgas en vivo en ECuNHi, Av.Libertador 8151, Ciudad de Buenos Aires, Argentina<\/p>\n","protected":false},"excerpt":{"rendered":"<p>Murgas en el ECuNHi es un encuentro anual de murgas estilo uruguayo que re\u00fane murgas de argentina en una jornada de intercambio y construcci\u00f3n del g\u00e9nero donde suceden charlas debate, talleres y presentaciones en vivo. El evento est\u00e1 organizado por el Taller de Arte Popular (TAP) y por el ECuNHi (Espacio Cultural Nuestros Hijos). Luego [&hellip;]<\/p>\n","protected":false},"author":1,"featured_media":13446,"comment_status":"closed","ping_status":"closed","sticky":false,"template":"","format":"standard","meta":{"footnotes":""},"categories":[53],"tags":[],"class_list":["post-13445","post","type-post","status-publish","format-standard","has-post-thumbnail","hentry","category-noticias-generales"],"lang":"es","translations":{"es":13445,"pt":13448},"pll_sync_post":[],"post_mailing_queue_ids":[],"_links":{"self":[{"href":"http:\/\/staging.ibermusicas.org\/index.php\/wp-json\/wp\/v2\/posts\/13445","targetHints":{"allow":["GET"]}}],"collection":[{"href":"http:\/\/staging.ibermusicas.org\/index.php\/wp-json\/wp\/v2\/posts"}],"about":[{"href":"http:\/\/staging.ibermusicas.org\/index.php\/wp-json\/wp\/v2\/types\/post"}],"author":[{"embeddable":true,"href":"http:\/\/staging.ibermusicas.org\/index.php\/wp-json\/wp\/v2\/users\/1"}],"replies":[{"embeddable":true,"href":"http:\/\/staging.ibermusicas.org\/index.php\/wp-json\/wp\/v2\/comments?post=13445"}],"version-history":[{"count":1,"href":"http:\/\/staging.ibermusicas.org\/index.php\/wp-json\/wp\/v2\/posts\/13445\/revisions"}],"predecessor-version":[{"id":13447,"href":"http:\/\/staging.ibermusicas.org\/index.php\/wp-json\/wp\/v2\/posts\/13445\/revisions\/13447"}],"wp:featuredmedia":[{"embeddable":true,"href":"http:\/\/staging.ibermusicas.org\/index.php\/wp-json\/wp\/v2\/media\/13446"}],"wp:attachment":[{"href":"http:\/\/staging.ibermusicas.org\/index.php\/wp-json\/wp\/v2\/media?parent=13445"}],"wp:term":[{"taxonomy":"category","embeddable":true,"href":"http:\/\/staging.ibermusicas.org\/index.php\/wp-json\/wp\/v2\/categories?post=13445"},{"taxonomy":"post_tag","embeddable":true,"href":"http:\/\/staging.ibermusicas.org\/index.php\/wp-json\/wp\/v2\/tags?post=13445"}],"curies":[{"name":"wp","href":"https:\/\/api.w.org\/{rel}","templated":true}]}}