{"id":13448,"date":"2022-10-03T11:39:05","date_gmt":"2022-10-03T11:39:05","guid":{"rendered":"http:\/\/staging.ibermusicas.org\/?p=13448"},"modified":"2022-10-03T11:39:05","modified_gmt":"2022-10-03T11:39:05","slug":"com-a-participacao-da-murga-uruguaia-queso-magro-o-6o-encontro-de-murgas-e-realizado-no-ecunhi-em-buenos-aires-argentina","status":"publish","type":"post","link":"http:\/\/staging.ibermusicas.org\/index.php\/com-a-participacao-da-murga-uruguaia-queso-magro-o-6o-encontro-de-murgas-e-realizado-no-ecunhi-em-buenos-aires-argentina\/","title":{"rendered":"Com a participa\u00e7\u00e3o da murga uruguaia Queso Magro, o 6\u00ba Encontro de Murgas \u00e9 realizado no ECuNHi em Buenos Aires, Argentina"},"content":{"rendered":"<p>Murgas no ECuNHi \u00e9 um encontro anual de murgas de estilo uruguaio que re\u00fane murgas da Argentina em um dia de interc\u00e2mbio e constru\u00e7\u00e3o do g\u00eanero onde acontecem palestras, debates, oficinas e apresenta\u00e7\u00f5es ao vivo. O evento \u00e9 organizado pela Oficina de Arte Popular (TAP) e pelo ECuNHi (Espa\u00e7o Cultural Nossos Filhos). Ap\u00f3s dois anos de interrup\u00e7\u00e3o devido \u00e0 pandemia, o encontro volta, desta vez priorizando a participa\u00e7\u00e3o de murgas locais, tanto que haver\u00e1 uma apresenta\u00e7\u00e3o ao vivo de cinco murgas da cidade de Buenos Aires: Le Puse Cuca, La Atada con Alambre, La Notalpi\u00e9, Entre Tanta Pavada e Baila la Chola. Em sexto lugar, ser\u00e1 apresentada a murga Los Vecinos Re Contentos de Rosario e, para encerrar, Queso Magro, uma murga de Montevid\u00e9u, compartilhar\u00e1 seu \u00faltimo show.<\/p>\n<p>Ser\u00e3o realizadas quatro oficinas nas quais ser\u00e3o abordados diversos temas relacionados ao g\u00eanero, como bateria, figurino, letra e coral; e um ciclo de duas palestras que abordar\u00e3o diferentes eixos de atua\u00e7\u00e3o da murga: Murgas, diversidade e inclus\u00e3o y Murga, identidade e territ\u00f3rio.<\/p>\n<p>La Murga Queso Magro \u00e9 um dos principais expoentes do subg\u00eanero jovem murga que renovou o tradicional carnaval uruguaio h\u00e1 alguns anos. Com textos muito frescos e bem humorados, em fevereiro de 2022 apresentaram seu \u00faltimo show: Acartonados, obtendo men\u00e7\u00f5es pela proposta criativa de figurino (Sof\u00eda Beceiro), melhor cupl\u00e9 (homenagem a Graciela Bianchi), melhor solista de murga (Santiago Wirth) e figura m\u00e1xima do carnaval (Jimena Marquez).<\/p>\n<p>ECuNHi (Espacio Cultural Nossos Filhos), \u00e9 o local da Asociaci\u00f3n Madres de Plaza de Mayo no Espacio Memoria y Deireitos Humanos, o lugar onde operava o maior centro clandestino de deten\u00e7\u00e3o, tortura e morte da \u00faltima ditadura militar argentina.<\/p>\n<p>1\u00ba de outubro de 2022, 15h oficinas, 18h murgas moram em ECuNHi, Av.Libertador 8151, Cidade de Buenos Aires, Argentina<\/p>\n","protected":false},"excerpt":{"rendered":"<p>Murgas no ECuNHi \u00e9 um encontro anual de murgas de estilo uruguaio que re\u00fane murgas da Argentina em um dia de interc\u00e2mbio e constru\u00e7\u00e3o do g\u00eanero onde acontecem palestras, debates, oficinas e apresenta\u00e7\u00f5es ao vivo. O evento \u00e9 organizado pela Oficina de Arte Popular (TAP) e pelo ECuNHi (Espa\u00e7o Cultural Nossos Filhos). Ap\u00f3s dois anos [&hellip;]<\/p>\n","protected":false},"author":1,"featured_media":13446,"comment_status":"closed","ping_status":"closed","sticky":false,"template":"","format":"standard","meta":{"footnotes":""},"categories":[218],"tags":[],"class_list":["post-13448","post","type-post","status-publish","format-standard","has-post-thumbnail","hentry","category-noticias-generales-pt"],"lang":"pt","translations":{"pt":13448,"es":13445},"pll_sync_post":[],"post_mailing_queue_ids":[],"_links":{"self":[{"href":"http:\/\/staging.ibermusicas.org\/index.php\/wp-json\/wp\/v2\/posts\/13448","targetHints":{"allow":["GET"]}}],"collection":[{"href":"http:\/\/staging.ibermusicas.org\/index.php\/wp-json\/wp\/v2\/posts"}],"about":[{"href":"http:\/\/staging.ibermusicas.org\/index.php\/wp-json\/wp\/v2\/types\/post"}],"author":[{"embeddable":true,"href":"http:\/\/staging.ibermusicas.org\/index.php\/wp-json\/wp\/v2\/users\/1"}],"replies":[{"embeddable":true,"href":"http:\/\/staging.ibermusicas.org\/index.php\/wp-json\/wp\/v2\/comments?post=13448"}],"version-history":[{"count":1,"href":"http:\/\/staging.ibermusicas.org\/index.php\/wp-json\/wp\/v2\/posts\/13448\/revisions"}],"predecessor-version":[{"id":13449,"href":"http:\/\/staging.ibermusicas.org\/index.php\/wp-json\/wp\/v2\/posts\/13448\/revisions\/13449"}],"wp:featuredmedia":[{"embeddable":true,"href":"http:\/\/staging.ibermusicas.org\/index.php\/wp-json\/wp\/v2\/media\/13446"}],"wp:attachment":[{"href":"http:\/\/staging.ibermusicas.org\/index.php\/wp-json\/wp\/v2\/media?parent=13448"}],"wp:term":[{"taxonomy":"category","embeddable":true,"href":"http:\/\/staging.ibermusicas.org\/index.php\/wp-json\/wp\/v2\/categories?post=13448"},{"taxonomy":"post_tag","embeddable":true,"href":"http:\/\/staging.ibermusicas.org\/index.php\/wp-json\/wp\/v2\/tags?post=13448"}],"curies":[{"name":"wp","href":"https:\/\/api.w.org\/{rel}","templated":true}]}}