{"id":13450,"date":"2022-10-03T11:41:30","date_gmt":"2022-10-03T11:41:30","guid":{"rendered":"http:\/\/staging.ibermusicas.org\/?p=13450"},"modified":"2022-10-03T11:41:30","modified_gmt":"2022-10-03T11:41:30","slug":"la-artista-argentina-la-lucia-se-presentara-en-espana-en-escenarios-de-barcelona-y-granada","status":"publish","type":"post","link":"http:\/\/staging.ibermusicas.org\/index.php\/la-artista-argentina-la-lucia-se-presentara-en-espana-en-escenarios-de-barcelona-y-granada\/","title":{"rendered":"La artista Argentina La Luc\u00eda se presentar\u00e1 en Espa\u00f1a en escenarios de Barcelona y Granada"},"content":{"rendered":"<p>La Luc\u00eda es una artista perform\u00e1tica argentina que busca desde los distintos signos con los que comunica: la m\u00fasica, la danza, la l\u00edrica, el teatro y la moda, compartir un mensaje de diversidad y de nuevas maneras de ser y vincularse. Su obra deja vislumbrar un paseo por lo cotidiano desde el humor y la profundidad po\u00e9tica de la vida.<\/p>\n<p>&nbsp;<\/p>\n<p>La Luc\u00eda propone un sonido directo. Su estilo actual deviene de la conjunci\u00f3n entre sus ra\u00edces folk fusionadas con las herramientas que propone el sonido digital.<\/p>\n<p>&nbsp;<\/p>\n<p>En el 2016 present\u00f3 su primer disco solista \u201cEl Universo de la Manzana\u201d con un car\u00e1cter de folk\/fusi\u00f3n, \u00abhabla de la conexi\u00f3n con la naturaleza y con mi yo. Hay mucho juego. Fui muy libre a la hora de componer y crear, siempre pensando en las ra\u00edces\u201d. En 2020 present\u00f3 su segundo material discogr\u00e1fico titulado \u201cPelaje\u201d, \u00abhabla sobre el redescubrirse, el amor propio y la construcci\u00f3n de un nuevo paradigma del ser. Hablo desde la experiencia propia, despu\u00e9s de parir, de desdibujarme para criar, tener miedo, amar de maneras impensadas y renacer en otra piel con el deseo profundo de que el universo vire hacia libertades m\u00e1s verdaderas. Pelaje intenta ser una compa\u00f1\u00eda y un abrazo en tiempos de virus, crisis y evoluci\u00f3n\u201d.<\/p>\n<p>S\u00e1bado 1 de octubre en Absenta del Raval, Barcelona, 21hs<\/p>\n<p>S\u00e1bado 8 de octubre en La Chistera, Granada, 21hs.<\/p>\n","protected":false},"excerpt":{"rendered":"<p>La Luc\u00eda es una artista perform\u00e1tica argentina que busca desde los distintos signos con los que comunica: la m\u00fasica, la danza, la l\u00edrica, el teatro y la moda, compartir un mensaje de diversidad y de nuevas maneras de ser y vincularse. Su obra deja vislumbrar un paseo por lo cotidiano desde el humor y la [&hellip;]<\/p>\n","protected":false},"author":1,"featured_media":13452,"comment_status":"closed","ping_status":"closed","sticky":false,"template":"","format":"standard","meta":{"footnotes":""},"categories":[53],"tags":[],"class_list":["post-13450","post","type-post","status-publish","format-standard","has-post-thumbnail","hentry","category-noticias-generales"],"lang":"es","translations":{"es":13450,"pt":13454},"pll_sync_post":[],"post_mailing_queue_ids":[],"_links":{"self":[{"href":"http:\/\/staging.ibermusicas.org\/index.php\/wp-json\/wp\/v2\/posts\/13450","targetHints":{"allow":["GET"]}}],"collection":[{"href":"http:\/\/staging.ibermusicas.org\/index.php\/wp-json\/wp\/v2\/posts"}],"about":[{"href":"http:\/\/staging.ibermusicas.org\/index.php\/wp-json\/wp\/v2\/types\/post"}],"author":[{"embeddable":true,"href":"http:\/\/staging.ibermusicas.org\/index.php\/wp-json\/wp\/v2\/users\/1"}],"replies":[{"embeddable":true,"href":"http:\/\/staging.ibermusicas.org\/index.php\/wp-json\/wp\/v2\/comments?post=13450"}],"version-history":[{"count":1,"href":"http:\/\/staging.ibermusicas.org\/index.php\/wp-json\/wp\/v2\/posts\/13450\/revisions"}],"predecessor-version":[{"id":13453,"href":"http:\/\/staging.ibermusicas.org\/index.php\/wp-json\/wp\/v2\/posts\/13450\/revisions\/13453"}],"wp:featuredmedia":[{"embeddable":true,"href":"http:\/\/staging.ibermusicas.org\/index.php\/wp-json\/wp\/v2\/media\/13452"}],"wp:attachment":[{"href":"http:\/\/staging.ibermusicas.org\/index.php\/wp-json\/wp\/v2\/media?parent=13450"}],"wp:term":[{"taxonomy":"category","embeddable":true,"href":"http:\/\/staging.ibermusicas.org\/index.php\/wp-json\/wp\/v2\/categories?post=13450"},{"taxonomy":"post_tag","embeddable":true,"href":"http:\/\/staging.ibermusicas.org\/index.php\/wp-json\/wp\/v2\/tags?post=13450"}],"curies":[{"name":"wp","href":"https:\/\/api.w.org\/{rel}","templated":true}]}}